{"id":210798,"date":"2025-06-28T11:37:10","date_gmt":"2025-06-28T11:37:10","guid":{"rendered":"https:\/\/www.europesays.com\/fr\/210798\/"},"modified":"2025-06-28T11:37:10","modified_gmt":"2025-06-28T11:37:10","slug":"enea-bastianini-penalise-sur-la-grille-de-depart-a-assen","status":"publish","type":"post","link":"https:\/\/www.europesays.com\/fr\/210798\/","title":{"rendered":"Enea Bastianini p\u00e9nalis\u00e9 sur la grille de d\u00e9part \u00e0 Assen"},"content":{"rendered":"<p>Durant la Q1 lors des qualifications du Grand Prix des Pays-Bas, <a href=\"https:\/\/fr.motorsport.com\/driver\/alex-rins\/109402\/\" target=\"_blank\" rel=\"noopener\">\u00c1lex Rins<\/a> est revenu sur <a href=\"https:\/\/fr.motorsport.com\/driver\/enea-bastianini\/109398\/\" target=\"_blank\" rel=\"noopener\">Enea Bastianini<\/a> au niveau des virages 9 et 10, et a d\u00fb renoncer \u00e0 un tour rapide. L&rsquo;agacement du pilote Yamaha \u00e9tait visible et, tr\u00e8s vite, la direction a annonc\u00e9 l&rsquo;ouverture d&rsquo;une enqu\u00eate sur l&rsquo;incident.<\/p>\n<p>Apr\u00e8s avoir entendu Enea Bastianini, les commissaires de course \u2013 Simon Crafar, Andres Somolinos et\u00a0Tamara Matko \u2013 ont d\u00e9cid\u00e9 de p\u00e9naliser le pilote Tech3 de trois positions sur la grille de d\u00e9part.<\/p>\n<p>\u00ab\u00a0Suivant le protocole des p\u00e9nalit\u00e9s pr\u00e9sent\u00e9 aux \u00e9quipes, cette man\u0153uvre a \u00e9t\u00e9 class\u00e9e comme incident de type MGP-SR5\u00a0: pilotage lent en Q1 ou Q2 et g\u00eane d&rsquo;un autre pilote\u00a0\u00bb, peut-on lire dans la d\u00e9cision des commissaires. \u00ab\u00a0Puisqu&rsquo;il s&rsquo;agit de la premi\u00e8re infraction de la saison, la p\u00e9nalit\u00e9 appropri\u00e9e dans ce cas est de trois positions sur la grille.\u00a0\u00bb<\/p>\n<p>\u00a0<\/p>\n<p>La sanction ne s&rsquo;appliquera que pour la course de dimanche, et profitera directement \u00e0 \u00c1lex Rins. Enea Bastianini avait r\u00e9alis\u00e9 le 17e temps et sa p\u00e9nalit\u00e9 va faire gagner une position \u00e0 <a href=\"https:\/\/fr.motorsport.com\/driver\/miguel-oliveira\/109382\/\" target=\"_blank\" rel=\"noopener\">Miguel Oliveira<\/a>, \u00c1lex\u00a0 Rins et <a href=\"https:\/\/fr.motorsport.com\/driver\/ai-ogura\/471489\/\" target=\"_blank\" rel=\"noopener\">Ai Ogura<\/a>. \u00c0 noter que Tech3 a une heure pour faire appel mais qu&rsquo;il est tr\u00e8s rare que de telles d\u00e9cisions soient annul\u00e9es.<\/p>\n<p>Depuis le d\u00e9but de la saison, <a href=\"https:\/\/fr.motorsport.com\/driver\/franco-morbidelli\/109417\/\" target=\"_blank\" rel=\"noopener\">Franco Morbidelli<\/a> a \u00e9t\u00e9 p\u00e9nalis\u00e9 deux fois pour des incidents similaires, pour avoir g\u00ean\u00e9 des pilotes pendant les essais \u00e0 Buriram puis \u00e0 Silverstone. <a href=\"https:\/\/fr.motorsport.com\/driver\/somkiat-chantra\/823104\/\" target=\"_blank\" rel=\"noopener\">Somkiat Chantra<\/a> a aussi \u00e9t\u00e9 sanctionn\u00e9 au Grand Prix de Tha\u00eflande, son premier en MotoGP.<\/p>\n<p>Lire aussi :<\/p>\n<\/p>\n<p>Dans cet article<\/p>\n<p>    Vincent Lalanne-Sicaud\n<\/p>\n<p>    MotoGP\n<\/p>\n<p>    Enea Bastianini\n<\/p>\n<p>    \u00c1lex Rins\n<\/p>\n<p>    Tech 3\n<\/p>\n<p>Soyez le premier inform\u00e9 et souscrivez aux alertes mails pour recevoir les infos en temps r\u00e9el<\/p>\n<p>    S&rsquo;abonner aux alertes de news<\/p>\n","protected":false},"excerpt":{"rendered":"Durant la Q1 lors des qualifications du Grand Prix des Pays-Bas, \u00c1lex Rins est revenu sur Enea Bastianini&hellip;\n","protected":false},"author":2,"featured_media":210799,"comment_status":"","ping_status":"","sticky":false,"template":"","format":"standard","meta":{"footnotes":""},"categories":[1413],"tags":[33819,3377,1011,27,33818,1457,1456,1458,60,3374,10648],"class_list":{"0":"post-210798","1":"post","2":"type-post","3":"status-publish","4":"format-standard","5":"has-post-thumbnail","7":"category-moto","8":"tag-assen","9":"tag-enea-bastianini","10":"tag-fr","11":"tag-france","12":"tag-gp-des-pays-bas","13":"tag-moto","14":"tag-motocycle","15":"tag-motogp","16":"tag-sports","17":"tag-tech-3","18":"tag-u00c1lex-rins"},"share_on_mastodon":{"url":"","error":""},"_links":{"self":[{"href":"https:\/\/www.europesays.com\/fr\/wp-json\/wp\/v2\/posts\/210798","targetHints":{"allow":["GET"]}}],"collection":[{"href":"https:\/\/www.europesays.com\/fr\/wp-json\/wp\/v2\/posts"}],"about":[{"href":"https:\/\/www.europesays.com\/fr\/wp-json\/wp\/v2\/types\/post"}],"author":[{"embeddable":true,"href":"https:\/\/www.europesays.com\/fr\/wp-json\/wp\/v2\/users\/2"}],"replies":[{"embeddable":true,"href":"https:\/\/www.europesays.com\/fr\/wp-json\/wp\/v2\/comments?post=210798"}],"version-history":[{"count":0,"href":"https:\/\/www.europesays.com\/fr\/wp-json\/wp\/v2\/posts\/210798\/revisions"}],"wp:featuredmedia":[{"embeddable":true,"href":"https:\/\/www.europesays.com\/fr\/wp-json\/wp\/v2\/media\/210799"}],"wp:attachment":[{"href":"https:\/\/www.europesays.com\/fr\/wp-json\/wp\/v2\/media?parent=210798"}],"wp:term":[{"taxonomy":"category","embeddable":true,"href":"https:\/\/www.europesays.com\/fr\/wp-json\/wp\/v2\/categories?post=210798"},{"taxonomy":"post_tag","embeddable":true,"href":"https:\/\/www.europesays.com\/fr\/wp-json\/wp\/v2\/tags?post=210798"}],"curies":[{"name":"wp","href":"https:\/\/api.w.org\/{rel}","templated":true}]}}