{"id":210808,"date":"2025-06-28T11:42:08","date_gmt":"2025-06-28T11:42:08","guid":{"rendered":"https:\/\/www.europesays.com\/fr\/210808\/"},"modified":"2025-06-28T11:42:08","modified_gmt":"2025-06-28T11:42:08","slug":"apres-une-polemique-le-kunsthaus-de-zurich-obtient-lautorisation-dexposer-un-gauguin","status":"publish","type":"post","link":"https:\/\/www.europesays.com\/fr\/210808\/","title":{"rendered":"Apr\u00e8s une pol\u00e9mique, le Kunsthaus de Zurich obtient l\u2019autorisation d\u2019exposer un Gauguin"},"content":{"rendered":"<p>La toile La Route montante avait \u00e9t\u00e9 achet\u00e9 en 1937 par l\u2019industriel allemand Emile B\u00fchrl. Elle appartenait auparavant \u00e0 l\u2019homme d\u2019affaires d\u2019origine juive Richard Semmel. Depuis le 24 juin, le mus\u00e9e suisse a obtenu l\u2019accord des h\u00e9ritiers afin que l\u2019oeuvre puisse \u00eatre expos\u00e9e.<\/p>\n<p class=\"fig-paragraph\">Le tableau La Route montante de\u00a0<a href=\"https:\/\/www.lefigaro.fr\/arts-expositions\/paul-gauguin-portraits-incorrects-20191122\" data-fig-type=\"Article\" data-gtm-custom-categorie=\"navigation\" data-gtm-custom-action=\"crossclick\" data-gtm-custom-label=\"Contextuel\" data-gtm-event=\"customEventSPE\" data-fig-domain=\"LEFIGARO\" target=\"_blank\" rel=\"noopener\">Paul Gauguin<\/a>\u00a0pourra continuer \u00e0 \u00eatre expos\u00e9 au Kunsthaus de\u00a0<a href=\"http:\/\/www.lefigaro.fr\/flash-actu\/suisse-l-aeroport-de-zurich-met-fin-aux-annonces-en-francais-20250317\" data-fig-type=\"NewsFlash\" data-gtm-custom-categorie=\"navigation\" data-gtm-custom-action=\"crossclick\" data-gtm-custom-label=\"Contextuel\" data-gtm-event=\"customEventSPE\" data-fig-domain=\"LEFIGARO\" target=\"_blank\" rel=\"noopener\">Zurich<\/a>, un prestigieux mus\u00e9e suisse, apr\u00e8s un accord avec les h\u00e9ritiers l\u00e9gaux de l&rsquo;ancien propri\u00e9taire, un homme d&rsquo;affaires ayant fui les pers\u00e9cutions nazies. L&rsquo;accord a \u00e9t\u00e9 conclu avec \u00ab\u00a0les h\u00e9ritiers l\u00e9gaux de Richard Semmel\u00a0\u00bb, a indiqu\u00e9 mardi 24 juin, dans un communiqu\u00e9\u00a0<a href=\"http:\/\/www.lefigaro.fr\/culture\/la-fondation-buehrle-sommee-de-lancer-des-recherches-plus-approfondies-sur-l-origine-de-sa-collection-20240628\" data-fig-type=\"NewsFlash\" data-gtm-custom-categorie=\"navigation\" data-gtm-custom-action=\"crossclick\" data-gtm-custom-label=\"Contextuel\" data-gtm-event=\"customEventSPE\" data-fig-domain=\"LEFIGARO\" target=\"_blank\" rel=\"noopener\">la Fondation B\u00fchrle<\/a>, l&rsquo;actuelle propri\u00e9taire de l&rsquo;\u0153uvre. La peinture de 1884, \u00ab\u00a0restera dans la Collection Emil B\u00fchrle et pourra continuer \u00e0 \u00eatre expos\u00e9 au Kunsthaus Z\u00fcrich. Les parties ont convenu de garder les d\u00e9tails de l&rsquo;accord confidentiels\u00a0\u00bb, explique la fondation.<\/p>\n<p class=\"fig-paragraph\">Le c\u00e9l\u00e8bre mus\u00e9e des beaux-arts zurichois avait fait l&rsquo;objet de critiques lors de l&rsquo;ouverture en 2021 d&rsquo;un imposant nouveau b\u00e2timent destin\u00e9 \u00e0 abriter l&rsquo;impressionnante collection de dizaines d&rsquo;\u0153uvres de l&rsquo;industriel et m\u00e9c\u00e8ne allemand naturalis\u00e9 suisse,\u00a0<a href=\"https:\/\/www.lefigaro.fr\/arts-expositions\/emil-buhrle-esthete-en-eaux-troubles-20190408\" data-fig-type=\"Article\" data-gtm-custom-categorie=\"navigation\" data-gtm-custom-action=\"crossclick\" data-gtm-custom-label=\"Contextuel\" data-gtm-event=\"customEventSPE\" data-fig-domain=\"LEFIGARO\" target=\"_blank\" rel=\"noopener\">Emil B\u00fchrle<\/a>, qui a fait fortune pendant la Seconde Guerre mondiale.<\/p>\n<p class=\"fig-paragraph\">Au total, avant son d\u00e9c\u00e8s en 1956, le marchand d&rsquo;armes avait constitu\u00e9 un vaste fonds de quelque 600 pi\u00e8ces comptant des \u0153uvres de\u00a0<a href=\"https:\/\/www.lefigaro.fr\/story\/edouard-manet-est-un-precurseur-pour-les-impressionnistes--le-decryptage-du-bal-de-lopera-par-isabelle-schmitz-16884\" data-fig-type=\"Story\" data-gtm-custom-categorie=\"navigation\" data-gtm-custom-action=\"crossclick\" data-gtm-custom-label=\"Contextuel\" data-gtm-event=\"customEventSPE\" data-fig-domain=\"LEFIGARO\" target=\"_blank\" rel=\"noopener\">Manet<\/a>,\u00a0<a href=\"https:\/\/www.lefigaro.fr\/story\/auguste-renoir-netait-pas-un-privilegie-mais-un-ouvrier-de-la-peinture--le-decryptage-du-tableau-la-loge-par-isabelle-schmitz-16885\" data-fig-type=\"Story\" data-gtm-custom-categorie=\"navigation\" data-gtm-custom-action=\"crossclick\" data-gtm-custom-label=\"Contextuel\" data-gtm-event=\"customEventSPE\" data-fig-domain=\"LEFIGARO\" target=\"_blank\" rel=\"noopener\">Renoir<\/a>, Degas, Monet, Sisley,\u00a0<a href=\"https:\/\/www.lefigaro.fr\/livres\/propos-sur-la-peinture-de-paul-cezanne-la-grande-lecon-d-histoire-de-l-art-20240626\" data-fig-type=\"Article\" data-gtm-custom-categorie=\"navigation\" data-gtm-custom-action=\"crossclick\" data-gtm-custom-label=\"Contextuel\" data-gtm-event=\"customEventSPE\" data-fig-domain=\"LEFIGARO\" target=\"_blank\" rel=\"noopener\">C\u00e9zanne<\/a>,\u00a0<a href=\"http:\/\/www.lefigaro.fr\/culture\/en-hollande-doute-sur-des-autoportraits-de-rembrandt-20250421\" data-fig-type=\"Article\" data-gtm-custom-categorie=\"navigation\" data-gtm-custom-action=\"crossclick\" data-gtm-custom-label=\"Contextuel\" data-gtm-event=\"customEventSPE\" data-fig-domain=\"LEFIGARO\" target=\"_blank\" rel=\"noopener\">Rembrandt<\/a>, Toulouse-Lautrec,\u00a0<a href=\"http:\/\/www.lefigaro.fr\/culture\/encheres\/une-collection-de-sept-ceramiques-inedites-de-picasso-aux-encheres-a-geneve-20250613\" data-fig-type=\"NewsFlash\" data-gtm-custom-categorie=\"navigation\" data-gtm-custom-action=\"crossclick\" data-gtm-custom-label=\"Contextuel\" data-gtm-event=\"customEventSPE\" data-fig-domain=\"LEFIGARO\" target=\"_blank\" rel=\"noopener\">Picasso<\/a>, Braque,\u00a0<a href=\"http:\/\/www.lefigaro.fr\/arts-expositions\/chaise-de-van-gogh-detruite-par-un-visiteur-le-musee-a-porte-plainte-l-artiste-applaudit-une-performance-20250616\" data-fig-type=\"NewsFlash\" data-gtm-custom-categorie=\"navigation\" data-gtm-custom-action=\"crossclick\" data-gtm-custom-label=\"Contextuel\" data-gtm-event=\"customEventSPE\" data-fig-domain=\"LEFIGARO\" target=\"_blank\" rel=\"noopener\">Van Gogh<\/a>\u00a0ou\u00a0<a href=\"http:\/\/www.lefigaro.fr\/sports\/cyclisme\/paracyclisme-sur-route-storey-devant-gauguin-comme-aux-jeux-de-paris-aux-mondiaux-20240922\" data-fig-type=\"NewsFlash\" data-gtm-custom-categorie=\"navigation\" data-gtm-custom-action=\"crossclick\" data-gtm-custom-label=\"Contextuel\" data-gtm-event=\"customEventSPE\" data-fig-domain=\"LEFIGARO\" target=\"_blank\" rel=\"noopener\">Gauguin<\/a>. Certaines avaient auparavant \u00e9t\u00e9 spoli\u00e9es \u00e0 des Juifs ou vendues dans l&rsquo;urgence par leurs propri\u00e9taires pour fuir les nazis.<\/p>\n<p>Retir\u00e9 des collections en 2024<\/p>\n<p class=\"fig-paragraph\">Pour tourner la page de la pol\u00e9mique, le Kunsthaus de Zurich avait fait appel \u00e0 des experts charg\u00e9s de retracer le parcours de certaines \u0153uvres et avait pr\u00e9sent\u00e9 en 2023 une exposition tourn\u00e9e vers la transparence. En juin 2024, le mus\u00e9e avait aussi annonc\u00e9 qu&rsquo;il allait retirer d&rsquo;une de ses collections cinq tableaux de grands ma\u00eetres, suite \u00e0 de nouvelles directives internationales sur l&rsquo;art spoli\u00e9 par les nazis, dont La Route montante (1884) de Paul Gauguin. Selon la Fondation B\u00fchrle, Emil B\u00fchrle avait acquis La Route montante en mars 1937 lors d&rsquo;une vente aux ench\u00e8res \u00e0 la Galerie Moos \u00e0\u00a0<a href=\"http:\/\/www.lefigaro.fr\/voyages\/dossier\/geneve\" data-fig-type=\"Topic\" data-gtm-custom-categorie=\"navigation\" data-gtm-custom-action=\"crossclick\" data-gtm-custom-label=\"Contextuel\" data-gtm-event=\"customEventSPE\" data-fig-domain=\"LEFIGARO\" target=\"_blank\" rel=\"noopener\">Gen\u00e8ve<\/a>.<\/p>\n<p class=\"fig-paragraph\">\u00ab\u00a0Richard Semmel, un homme d&rsquo;affaires allemand d&rsquo;origine juive et collectionneur d&rsquo;art, avait mis le tableau en vente pour la premi\u00e8re fois lors de ventes aux ench\u00e8res d&rsquo;\u0153uvres d&rsquo;art en juin 1933 \u00e0 Amsterdam\u00a0\u00bb, avant Gen\u00e8ve, indique-t-elle. \u00ab\u00a0\u00c0 cette \u00e9poque, M. Semmel se trouvait aux Pays-Bas, fuyant les pers\u00e9cutions nazies avec son \u00e9pouse Clara. En 1939, le couple s&rsquo;est r\u00e9fugi\u00e9, via Santiago du Chili, \u00e0 New York, o\u00f9 Richard Semmel est d\u00e9c\u00e9d\u00e9 en 1950, veuf, appauvri et sans enfants\u00a0\u00bb, d\u00e9taille la fondation.<\/p>\n","protected":false},"excerpt":{"rendered":"La toile La Route montante avait \u00e9t\u00e9 achet\u00e9 en 1937 par l\u2019industriel allemand Emile B\u00fchrl. Elle appartenait auparavant&hellip;\n","protected":false},"author":2,"featured_media":210809,"comment_status":"","ping_status":"","sticky":false,"template":"","format":"standard","meta":{"footnotes":""},"categories":[1358],"tags":[1348,1384,1385,1386,58,59,2087,1349,638,10449,1011,27,35041,4463,9692,7107,626,3067,510,35042],"class_list":{"0":"post-210808","1":"post","2":"type-post","3":"status-publish","4":"format-standard","5":"has-post-thumbnail","7":"category-arts-et-design","8":"tag-arts","9":"tag-arts-and-design","10":"tag-arts-et-design","11":"tag-design","12":"tag-divertissement","13":"tag-entertainment","14":"tag-evenement","15":"tag-expositions","16":"tag-figaro","17":"tag-figaroscope","18":"tag-fr","19":"tag-france","20":"tag-gauguin","21":"tag-guide","22":"tag-lieux","23":"tag-musees","24":"tag-paris","25":"tag-suisse","26":"tag-visite","27":"tag-zurich"},"share_on_mastodon":{"url":"","error":""},"_links":{"self":[{"href":"https:\/\/www.europesays.com\/fr\/wp-json\/wp\/v2\/posts\/210808","targetHints":{"allow":["GET"]}}],"collection":[{"href":"https:\/\/www.europesays.com\/fr\/wp-json\/wp\/v2\/posts"}],"about":[{"href":"https:\/\/www.europesays.com\/fr\/wp-json\/wp\/v2\/types\/post"}],"author":[{"embeddable":true,"href":"https:\/\/www.europesays.com\/fr\/wp-json\/wp\/v2\/users\/2"}],"replies":[{"embeddable":true,"href":"https:\/\/www.europesays.com\/fr\/wp-json\/wp\/v2\/comments?post=210808"}],"version-history":[{"count":0,"href":"https:\/\/www.europesays.com\/fr\/wp-json\/wp\/v2\/posts\/210808\/revisions"}],"wp:featuredmedia":[{"embeddable":true,"href":"https:\/\/www.europesays.com\/fr\/wp-json\/wp\/v2\/media\/210809"}],"wp:attachment":[{"href":"https:\/\/www.europesays.com\/fr\/wp-json\/wp\/v2\/media?parent=210808"}],"wp:term":[{"taxonomy":"category","embeddable":true,"href":"https:\/\/www.europesays.com\/fr\/wp-json\/wp\/v2\/categories?post=210808"},{"taxonomy":"post_tag","embeddable":true,"href":"https:\/\/www.europesays.com\/fr\/wp-json\/wp\/v2\/tags?post=210808"}],"curies":[{"name":"wp","href":"https:\/\/api.w.org\/{rel}","templated":true}]}}