{"id":210810,"date":"2025-06-28T11:43:11","date_gmt":"2025-06-28T11:43:11","guid":{"rendered":"https:\/\/www.europesays.com\/fr\/210810\/"},"modified":"2025-06-28T11:43:11","modified_gmt":"2025-06-28T11:43:11","slug":"possession-hysterie-collective-alexandre-regad-publie-un-premier-roman-flamboyant-inspire-devenements-survenus-en-haute-savoie-au-xixe-siecle","status":"publish","type":"post","link":"https:\/\/www.europesays.com\/fr\/210810\/","title":{"rendered":"Possession? Hyst\u00e9rie collective? Alexandre Regad publie un premier roman flamboyant inspir\u00e9 d\u2019\u00e9v\u00e9nements survenus en Haute-Savoie, au XIXe\u00a0si\u00e8cle"},"content":{"rendered":"<p>              <a tabindex=\"-1\" title=\"Julien Burri\" href=\"https:\/\/www.letemps.ch\/profil\/julien-burri\" target=\"_blank\" rel=\"noopener\"><\/p>\n<p>                    <img decoding=\"async\" src=\"https:\/\/www.europesays.com\/fr\/wp-content\/uploads\/2025\/06\/1750729511_103_small.jpeg\" class=\"lazy\" alt=\"\"\/><\/p>\n<p><\/a>        <\/p>\n<p>    Publi\u00e9 le 28 juin 2025 \u00e0 13:26.<\/p>\n<p> 5 min. de lecture<\/p>\n<p>Morzine en 1857 ne ressemblait pas \u00e0 la station de ski connue aujourd\u2019hui des vacanciers. Le village fran\u00e7ais, situ\u00e9 en Haute-Savoie, s\u2019apparentait encore \u00e0 un hameau m\u00e9di\u00e9val. On le rejoignait par des sentiers peu praticables, \u00e0 dos de mulets. Les hommes quittaient la r\u00e9gion pour aller travailler comme ma\u00e7ons et tailleurs de pierre \u00e0 Gen\u00e8ve ou en Valais.<\/p>\n<p>D\u00e8s le 14\u00a0mars 1857, et durant les ann\u00e9es qui suivent, des \u00e9v\u00e9nements extraordinaires s\u2019y produisent. Sorcellerie? Possession? Des femmes entrent dans de myst\u00e9rieuses transes. On enferme les malades, de plus en plus nombreuses, sans succ\u00e8s. La presse de l\u2019\u00e9poque relaie les rumeurs les plus extravagantes. Un grand m\u00e9decin parisien est appel\u00e9 pour remettre de l\u2019ordre dans ce \u00absabbat diurne\u00bb et pose son diagnostic: \u00abhyst\u00e9rie\u00bb.<\/p>\n","protected":false},"excerpt":{"rendered":"Publi\u00e9 le 28 juin 2025 \u00e0 13:26. 5 min. de lecture Morzine en 1857 ne ressemblait pas \u00e0&hellip;\n","protected":false},"author":2,"featured_media":210811,"comment_status":"","ping_status":"","sticky":false,"template":"","format":"standard","meta":{"footnotes":""},"categories":[1357],"tags":[1379,58,59,3297,1011,27,1351,1380,301],"class_list":{"0":"post-210810","1":"post","2":"type-post","3":"status-publish","4":"format-standard","5":"has-post-thumbnail","7":"category-livres","8":"tag-books","9":"tag-divertissement","10":"tag-entertainment","11":"tag-entre-temps","12":"tag-fr","13":"tag-france","14":"tag-litterature","15":"tag-livres","16":"tag-premium"},"share_on_mastodon":{"url":"","error":""},"_links":{"self":[{"href":"https:\/\/www.europesays.com\/fr\/wp-json\/wp\/v2\/posts\/210810","targetHints":{"allow":["GET"]}}],"collection":[{"href":"https:\/\/www.europesays.com\/fr\/wp-json\/wp\/v2\/posts"}],"about":[{"href":"https:\/\/www.europesays.com\/fr\/wp-json\/wp\/v2\/types\/post"}],"author":[{"embeddable":true,"href":"https:\/\/www.europesays.com\/fr\/wp-json\/wp\/v2\/users\/2"}],"replies":[{"embeddable":true,"href":"https:\/\/www.europesays.com\/fr\/wp-json\/wp\/v2\/comments?post=210810"}],"version-history":[{"count":0,"href":"https:\/\/www.europesays.com\/fr\/wp-json\/wp\/v2\/posts\/210810\/revisions"}],"wp:featuredmedia":[{"embeddable":true,"href":"https:\/\/www.europesays.com\/fr\/wp-json\/wp\/v2\/media\/210811"}],"wp:attachment":[{"href":"https:\/\/www.europesays.com\/fr\/wp-json\/wp\/v2\/media?parent=210810"}],"wp:term":[{"taxonomy":"category","embeddable":true,"href":"https:\/\/www.europesays.com\/fr\/wp-json\/wp\/v2\/categories?post=210810"},{"taxonomy":"post_tag","embeddable":true,"href":"https:\/\/www.europesays.com\/fr\/wp-json\/wp\/v2\/tags?post=210810"}],"curies":[{"name":"wp","href":"https:\/\/api.w.org\/{rel}","templated":true}]}}