{"id":210812,"date":"2025-06-28T11:44:18","date_gmt":"2025-06-28T11:44:18","guid":{"rendered":"https:\/\/www.europesays.com\/fr\/210812\/"},"modified":"2025-06-28T11:44:18","modified_gmt":"2025-06-28T11:44:18","slug":"damien-et-ethan-dans-une-relation-ambigue-le-dernier-elimine-de-secret-story-repond-tres-franchement","status":"publish","type":"post","link":"https:\/\/www.europesays.com\/fr\/210812\/","title":{"rendered":"Damien et Ethan dans une relation ambigu\u00eb ? Le dernier \u00e9limin\u00e9 de \u00ab\u00a0Secret Story\u00a0\u00bb r\u00e9pond tr\u00e8s franchement"},"content":{"rendered":"<p>      R\u00e9sum\u00e9<\/p>\n<p>Damien, r\u00e9cemment \u00e9limin\u00e9 de Secret Story, clarifie sa relation avec Ethan, assurant qu&rsquo;ils sont simplement de proches amis, malgr\u00e9 les sp\u00e9culations des fans.<\/p>\n<p>        Sommaire<\/p>\n<p>Depuis le <strong>lancement de la saison 13<\/strong> de Secret Story sur TFX, les rebondissements sont l\u00e9gion ! En plus de la traditionnelle Maison des Secrets, les t\u00e9l\u00e9spectateurs ont d\u00e9couvert une <strong>Maison de Cristal<\/strong> dans laquelle tout peut basculer \u00e0 tout moment. <\/p>\n<p>Et c\u2019est justement dans cette zone que <strong>Damien a vu son aventure s\u2019arr\u00eater<\/strong> ce <strong>jeudi 26 juin 2025<\/strong>, lors du troisi\u00e8me prime anim\u00e9 par <a href=\"https:\/\/www.public.fr\/home-jacking-de-christophe-beaugrand-le-montant-du-butin-devoile\" rel=\"nofollow noopener\" target=\"_blank\">Christophe Beaugrand<\/a>. Depuis, une question taraude les t\u00e9l\u00e9spectateurs, quel est r\u00e9ellement le lien entre lui et Ethan ?<\/p>\n<p>Damien, \u00e9limin\u00e9 de Secret Story, pr\u00e9cise sa relation avec Ethan<\/p>\n<p>Pour rappel, Damien partageait le secret <strong>\u00ab\u00a0nous sommes un faux couple\u00a0\u00bb avec Constance<\/strong>. <a href=\"https:\/\/www.public.fr\/damien-tout-juste-elimine-de-secret-story-regle-ses-comptes-avec-adrien-evidemment-que-je-lui-en-veux\" rel=\"nofollow noopener\" target=\"_blank\">Tout juste \u00e9limin\u00e9<\/a>, le candidat esp\u00e9rait bien s\u00fbr aller plus loin, mais le destin en a d\u00e9cid\u00e9 autrement. Il a quitt\u00e9 le jeu en m\u00eame temps que Dr\u00e9a, dont le secret \u00e9tait \u00ab\u00a0J\u2019ai remport\u00e9 un talent show de K-pop en Cor\u00e9e\u00a0\u00bb. Un <strong>double d\u00e9part<\/strong> avec <a href=\"https:\/\/www.public.fr\/secret-story-coup-de-theatre-pas-un-mais-deux-elimines-ce-soir\" rel=\"nofollow noopener\" target=\"_blank\">deux candidats \u00e9limin\u00e9s <\/a>qui a <strong>choqu\u00e9 de nombreux fans<\/strong>. \u00ab\u00a0Mon Damien je suis d\u00e9go\u00fbt\u00e9e qu\u2019il soit \u00e9limin\u00e9\u00a0\u00bb, \u00ab\u00a0\u00c9limination tellement injuste\u00a0\u00bb, peut-on lire dans les commentaires sur X.<\/p>\n<p>Sur TikTok, Damien a pris la parole pour r\u00e9pondre aux questions des internautes. Et parmi elles, l&rsquo;une des interrogations majeures concerne Ethan : \u00ab\u00a0Quelle est la <strong>nature de sa relation avec Ethan\u00a0<\/strong>? On les a vus tr\u00e8s proches\u00a0\u00bb ? Quand deux candidats sont <strong>complices \u00e0 l&rsquo;\u00e9cran<\/strong>, \u00e7a ne passe jamais inaper\u00e7u.<\/p>\n<p>Mais l\u2019ex-candidat de Secret Story pr\u00e9f\u00e8re s&rsquo;en amuser : \u00ab\u00a0\u00c7a, \u00e7a m\u2019a fait beaucoup rire. Sur les r\u00e9seaux, il y a beaucoup d&rsquo;\u00e9dits qui sont faits. Il faut savoir qu\u2019Ethan, c\u2019est<strong> juste mon bro, mon poto<\/strong>, il n&rsquo;y a rien de plus. Je pense qu\u2019il va beaucoup rire quand il verra \u00e7a lui aussi\u00a0\u00bb. Une r\u00e9ponse claire, limpide&#8230; Est-ce que \u00e7a va suffire \u00e0 convaincre le public ?<\/p>\n<p>Une bromance qui fait jaser<\/p>\n<p>Avec cette justification sans d\u00e9tours, ceux qui esp\u00e9raient un love story vont donc devoir se faire une raison. Pourtant, du c\u00f4t\u00e9 des fans, certains n\u2019en d\u00e9mordent pas : \u00ab\u00a0On croit en ce qu\u2019on veut sur ta vie tr\u00e9sor. <strong>Vous \u00eates en couple fin<\/strong>\u00ab\u00a0, \u00ab\u00a0Oui, vous \u00eates en couple quoi\u00a0\u00bb.<\/p>\n<p>D&rsquo;autres au contraire pensent qu&rsquo;il s&rsquo;agit juste d&rsquo;une <strong>complicit\u00e9 sinc\u00e8re<\/strong>. En effet, l&rsquo;amiti\u00e9 forte entre gar\u00e7ons est possible, m\u00eame si elle ne passe jamais inaper\u00e7ue, surtout dans le monde de la t\u00e9l\u00e9r\u00e9alit\u00e9. \u00ab\u00a0Les gens ne connaissent pas la <strong>bromance<\/strong>\u00ab\u00a0, a \u00e9crit un internaute. Damien est donc droit dans ses bottes : Ethan, c&rsquo;est juste son poto. Mais ce dernier \u00e9tant toujours dans Secret Story, cette question reste un peu en suspens&#8230;<\/p>\n<p>      Mentionn\u00e9s dans cet article<\/p>\n<p>\u00c0 lire aussi<\/p>\n","protected":false},"excerpt":{"rendered":"R\u00e9sum\u00e9 Damien, r\u00e9cemment \u00e9limin\u00e9 de Secret Story, clarifie sa relation avec Ethan, assurant qu&rsquo;ils sont simplement de proches&hellip;\n","protected":false},"author":2,"featured_media":210813,"comment_status":"","ping_status":"","sticky":false,"template":"","format":"standard","meta":{"footnotes":""},"categories":[1356],"tags":[58,59,1011,27,29901,252,1364],"class_list":{"0":"post-210812","1":"post","2":"type-post","3":"status-publish","4":"format-standard","5":"has-post-thumbnail","7":"category-television","8":"tag-divertissement","9":"tag-entertainment","10":"tag-fr","11":"tag-france","12":"tag-secret-story","13":"tag-television","14":"tag-tv"},"share_on_mastodon":{"url":"","error":""},"_links":{"self":[{"href":"https:\/\/www.europesays.com\/fr\/wp-json\/wp\/v2\/posts\/210812","targetHints":{"allow":["GET"]}}],"collection":[{"href":"https:\/\/www.europesays.com\/fr\/wp-json\/wp\/v2\/posts"}],"about":[{"href":"https:\/\/www.europesays.com\/fr\/wp-json\/wp\/v2\/types\/post"}],"author":[{"embeddable":true,"href":"https:\/\/www.europesays.com\/fr\/wp-json\/wp\/v2\/users\/2"}],"replies":[{"embeddable":true,"href":"https:\/\/www.europesays.com\/fr\/wp-json\/wp\/v2\/comments?post=210812"}],"version-history":[{"count":0,"href":"https:\/\/www.europesays.com\/fr\/wp-json\/wp\/v2\/posts\/210812\/revisions"}],"wp:featuredmedia":[{"embeddable":true,"href":"https:\/\/www.europesays.com\/fr\/wp-json\/wp\/v2\/media\/210813"}],"wp:attachment":[{"href":"https:\/\/www.europesays.com\/fr\/wp-json\/wp\/v2\/media?parent=210812"}],"wp:term":[{"taxonomy":"category","embeddable":true,"href":"https:\/\/www.europesays.com\/fr\/wp-json\/wp\/v2\/categories?post=210812"},{"taxonomy":"post_tag","embeddable":true,"href":"https:\/\/www.europesays.com\/fr\/wp-json\/wp\/v2\/tags?post=210812"}],"curies":[{"name":"wp","href":"https:\/\/api.w.org\/{rel}","templated":true}]}}