{"id":210827,"date":"2025-06-28T11:52:09","date_gmt":"2025-06-28T11:52:09","guid":{"rendered":"https:\/\/www.europesays.com\/fr\/210827\/"},"modified":"2025-06-28T11:52:09","modified_gmt":"2025-06-28T11:52:09","slug":"royaume-uni-une-petite-fille-de-nazi-a-la-tete-du-renseignement-exterieur-britannique","status":"publish","type":"post","link":"https:\/\/www.europesays.com\/fr\/210827\/","title":{"rendered":"Royaume-Uni. Une petite-fille de nazi \u00e0 la t\u00eate du renseignement ext\u00e9rieur britannique"},"content":{"rendered":"<p>Nomm\u00e9e mi-juin pour devenir la premi\u00e8re femme \u00e0 diriger le Secret Intelligence Service, renseignement ext\u00e9rieur britannique, Blaise Metreweli, 47 ans, a vu des informations familiales d\u00e9voil\u00e9es par le <a href=\"https:\/\/www.dailymail.co.uk\/news\/article-14851451\/grandfather-new-head-MI6-Nazi-spy-chief.html\" target=\"_blank\" rel=\"noopener\">Daily Mail<\/a>. Peu de choses avaient \u00e9t\u00e9 divulgu\u00e9es de son pass\u00e9 ou de sa vie personnelle jusqu&rsquo;ici, alors qu&rsquo;elle a effectu\u00e9 l&rsquo;essentiel de sa carri\u00e8re dans l&rsquo;anonymat des services de renseignement.<\/p>\n<p>Selon une enqu\u00eate du tablo\u00efd publi\u00e9e vendredi, qui a remont\u00e9 la piste de ses origines \u00e0 travers des documents archiv\u00e9s au Royaume-Uni et en Allemagne notamment, son grand-p\u00e8re s&rsquo;appelait Constantine Dobrowolski et a \u00e9t\u00e9 pendant la deuxi\u00e8me guerre mondiale un z\u00e9l\u00e9 espion nazi, op\u00e9rant en Ukraine. Engag\u00e9 dans l&rsquo;arm\u00e9e russe, il est envoy\u00e9 au front d&rsquo;o\u00f9 il rejoint le camp de l&rsquo;Allemagne nazie.<\/p>\n<p>\u00ab\u00a0Elle n&rsquo;a jamais connu son grand-p\u00e8re\u00a0\u00bb<\/p>\n<p>Surnomm\u00e9 \u00ab Le Boucher \u00bb ou \u00ab Agent n\u00b030 \u00bb par des commandants de la Wehrmacht, l&rsquo;arm\u00e9e du IIIe Reich, il a notamment contribu\u00e9 \u00ab personnellement \u00bb \u00e0 \u00ab l&rsquo;extermination des Juifs \u00bb, comme il l&rsquo;affirmait lui-m\u00eame dans des courriers \u00e9chang\u00e9s avec ses sup\u00e9rieurs, retrouv\u00e9s par le journal. Son \u00e9pouse a fui au Royaume-Uni durant la guerre avec son fils de deux mois &#8211; le futur p\u00e8re de Blaise Metreweli -, o\u00f9 elle s&rsquo;est remari\u00e9e en 1947, prenant le nom de son nouvel \u00e9poux David Metreweli.<\/p>\n<p>Selon la BBC, Constantine Dobrowolski appara\u00eet \u00e9galement sur une liste de personnes recherch\u00e9es par le KGB dans les ann\u00e9es 1960 comme agents de renseignement \u00e9trangers et \u00ab traitres \u00e0 la m\u00e8re patrie \u00bb. Contact\u00e9, le minist\u00e8re britannique des Affaires \u00e9trang\u00e8res, qui a la tutelle sur le MI6, a indiqu\u00e9 que cette derni\u00e8re \u00ab n&rsquo;a jamais connu ni rencontr\u00e9 son grand-p\u00e8re paternel \u00bb.<\/p>\n<p>\u00ab L&rsquo;ascendance de Blaise est marqu\u00e9e par les conflits et les divisions et, comme c&rsquo;est le cas pour de nombreuses personnes d&rsquo;origine est-europ\u00e9enne, elle n&rsquo;est que partiellement connue \u00bb, a-t-il ajout\u00e9. \u00ab C&rsquo;est pr\u00e9cis\u00e9ment cet h\u00e9ritage complexe qui a contribu\u00e9 \u00e0 son engagement pour pr\u00e9venir les conflits et prot\u00e9ger la population britannique des menaces modernes \u00e9manant d&rsquo;\u00c9tats hostiles \u00bb, affirme encore le minist\u00e8re.<\/p>\n","protected":false},"excerpt":{"rendered":"Nomm\u00e9e mi-juin pour devenir la premi\u00e8re femme \u00e0 diriger le Secret Intelligence Service, renseignement ext\u00e9rieur britannique, Blaise Metreweli,&hellip;\n","protected":false},"author":2,"featured_media":210828,"comment_status":"","ping_status":"","sticky":false,"template":"","format":"standard","meta":{"footnotes":""},"categories":[5],"tags":[11,3206,107,1011,27,329,1757,14,12,316,28],"class_list":{"0":"post-210827","1":"post","2":"type-post","3":"status-publish","4":"format-standard","5":"has-post-thumbnail","7":"category-international","8":"tag-actualites","9":"tag-defense-guerre-conflit","10":"tag-fil-info","11":"tag-fr","12":"tag-france","13":"tag-france-monde","14":"tag-insolite","15":"tag-international","16":"tag-news","17":"tag-politique","18":"tag-world"},"share_on_mastodon":{"url":"","error":""},"_links":{"self":[{"href":"https:\/\/www.europesays.com\/fr\/wp-json\/wp\/v2\/posts\/210827","targetHints":{"allow":["GET"]}}],"collection":[{"href":"https:\/\/www.europesays.com\/fr\/wp-json\/wp\/v2\/posts"}],"about":[{"href":"https:\/\/www.europesays.com\/fr\/wp-json\/wp\/v2\/types\/post"}],"author":[{"embeddable":true,"href":"https:\/\/www.europesays.com\/fr\/wp-json\/wp\/v2\/users\/2"}],"replies":[{"embeddable":true,"href":"https:\/\/www.europesays.com\/fr\/wp-json\/wp\/v2\/comments?post=210827"}],"version-history":[{"count":0,"href":"https:\/\/www.europesays.com\/fr\/wp-json\/wp\/v2\/posts\/210827\/revisions"}],"wp:featuredmedia":[{"embeddable":true,"href":"https:\/\/www.europesays.com\/fr\/wp-json\/wp\/v2\/media\/210828"}],"wp:attachment":[{"href":"https:\/\/www.europesays.com\/fr\/wp-json\/wp\/v2\/media?parent=210827"}],"wp:term":[{"taxonomy":"category","embeddable":true,"href":"https:\/\/www.europesays.com\/fr\/wp-json\/wp\/v2\/categories?post=210827"},{"taxonomy":"post_tag","embeddable":true,"href":"https:\/\/www.europesays.com\/fr\/wp-json\/wp\/v2\/tags?post=210827"}],"curies":[{"name":"wp","href":"https:\/\/api.w.org\/{rel}","templated":true}]}}