{"id":210854,"date":"2025-06-28T12:10:11","date_gmt":"2025-06-28T12:10:11","guid":{"rendered":"https:\/\/www.europesays.com\/fr\/210854\/"},"modified":"2025-06-28T12:10:11","modified_gmt":"2025-06-28T12:10:11","slug":"strasbourg-lart-de-la-fugue-sinvite-a-leglise-saint-guillaume-avec-albert-cano-smit","status":"publish","type":"post","link":"https:\/\/www.europesays.com\/fr\/210854\/","title":{"rendered":"Strasbourg. \u00ab\u00a0L\u2019Art de la fugue\u00a0\u00bb s\u2019invite \u00e0 l\u2019\u00e9glise Saint-Guillaume avec Albert Cano Smit"},"content":{"rendered":"<p>C\u2019est \u00e0 une soir\u00e9e exceptionnelle que le public est convi\u00e9 le lundi 30\u00a0juin \u00e0 l\u2019\u00e9glise Saint-Guillaume, \u00e0 Strasbourg. Le brillant concertiste Albert Cano Smit interpr\u00e9tera le monumental Art de la Fugue de Jean-S\u00e9bastien Bach (qu\u2019il vient de graver sur disque) <a href=\"https:\/\/www.dna.fr\/culture-loisirs\/2025\/05\/11\/un-lourd-rideau-rouge-un-nouveau-mobilier-l-eglise-saint-guillaume-poursuit-sa-renovation\" target=\"_blank\" rel=\"noopener\">sur le Steinway du directeur artistique de Passions crois\u00e9es, Guillem Aubry.<\/a> Une soir\u00e9e qui r\u00e9sonne tout particuli\u00e8rement au regard de la tradition s\u00e9culaire reliant Saint-Guillaume et le cantor de Leipzig.<\/p>\n<p>Ce contenu est bloqu\u00e9 car vous n&rsquo;avez pas accept\u00e9 les cookies et autres traceurs.<\/p>\n<p>En cliquant sur \u00ab J\u2019accepte \u00bb, les cookies et autres traceurs seront d\u00e9pos\u00e9s et vous pourrez visualiser les contenus  (<a href=\"\" class=\"consentModule_policy\" target=\"_blank\" title=\"Consulter la politique de protection des donn\u00e9es du fournisseur\">plus d&rsquo;informations<\/a>).<\/p>\n<p>En cliquant sur \u00ab J\u2019accepte tous les cookies \u00bb, vous autorisez des d\u00e9p\u00f4ts de cookies et autres traceurs pour le stockage de vos donn\u00e9es sur nos sites et applications \u00e0 des fins de personnalisation et de ciblage publicitaire.<\/p>\n<p class=\"consentModule_secondaryText\">Vous gardez la possibilit\u00e9 de retirer votre consentement \u00e0 tout moment en consultant notre <a href=\"https:\/\/www.dna.fr\/protection-des-donnees\" target=\"_blank\" title=\"Consulter notre politique de protection des donn\u00e9es\" rel=\"noopener\">politique de protection des donn\u00e9es<\/a>. <br \/>&#13;<br \/>\n            <a href=\"https:\/\/www.dna.fr\/culture-loisirs\/2025\/06\/28\/javascript:Didomi.notice.show()\" class=\"consentModule_cmp\" target=\"_blank\" rel=\"noopener\">G\u00e9rer mes choix<\/a>&#13;\n        <\/p>\n<p>&#13;<br \/>\n                        J&rsquo;accepte&#13;<br \/>\n            J&rsquo;accepte tous les cookies&#13;\n        <\/p>\n<p>  Une carri\u00e8re internationale grandissante<\/p>\n<p>Salu\u00e9 comme \u00ab\u00a0un jeune po\u00e8te \u00e9mouvant\u00a0\u00bb ( Le Devoir de Montr\u00e9al ), le pianiste hispano-n\u00e9erlandais Albert Cano Smit m\u00e8ne une carri\u00e8re internationale grandissante sur les sc\u00e8nes orchestrales, en r\u00e9cital et en musique de chambre. Laur\u00e9at de nombreux prix, remarqu\u00e9 pour ses performances, sa qualit\u00e9 narrative et sa musicalit\u00e9 nuanc\u00e9e, il s\u2019est d\u00e9j\u00e0 produit en tant que soliste avec les plus grands orchestres. <a href=\"https:\/\/www.dna.fr\/culture-loisirs\/2021\/12\/28\/le-pianiste-albert-cano-smit-a-fait-voyager-le-public\" target=\"_blank\" rel=\"noopener\">Depuis sept ans, il est en r\u00e9sidence au Festival de musique de Wissembourg.<\/a> D\u00e9fenseur de la musique contemporaine, il a cr\u00e9\u00e9 de nombreuses \u0153uvres pour piano solo et collabor\u00e9 avec des artistes prestigieux. En tant que chambriste, il a \u00e9galement jou\u00e9 aux c\u00f4t\u00e9s de plusieurs quatuors renomm\u00e9s.<\/p>\n<p>Polyglotte ma\u00eetrisant cinq langues, Albert Cano Smit est n\u00e9 \u00e0 Gen\u00e8ve d\u2019une m\u00e8re n\u00e9erlandaise et d\u2019un p\u00e8re espagnol. \u00c0 neuf ans, il quitte son foyer pour rejoindre l\u2019Escolania de Montserrat, o\u00f9 les heures de r\u00e9p\u00e9tition quotidiennes ont profond\u00e9ment marqu\u00e9 son d\u00e9veloppement musical. Il r\u00e9side actuellement \u00e0 New York.<\/p>\n<p class=\"note\">L\u2019Art de la fugue , de Jean-S\u00e9bastien Bach, par Albert Cano Smit, le lundi 30\u00a0juin \u00e0 20\u00a0h \u00e0 l\u2019\u00e9glise Saint-Guillaume, 1 rue Munch \u00e0 Strasbourg. R\u00e9servations fortement conseill\u00e9es. Tarif unique\u00a0: 20\u00a0\u20ac, placement libre\u00a0; billetterie en ligne sur Weezevent ou \u00e0 la Conciergerie solidaire 11, rue Merci\u00e8re \u00e0 Strasbourg.<\/p>\n","protected":false},"excerpt":{"rendered":"C\u2019est \u00e0 une soir\u00e9e exceptionnelle que le public est convi\u00e9 le lundi 30\u00a0juin \u00e0 l\u2019\u00e9glise Saint-Guillaume, \u00e0 Strasbourg.&hellip;\n","protected":false},"author":2,"featured_media":210855,"comment_status":"","ping_status":"","sticky":false,"template":"","format":"standard","meta":{"footnotes":""},"categories":[2820],"tags":[1111,11,2389,2649,1687,2880,1777,674,107,1011,27,775,873,12,25,640,2879],"class_list":{"0":"post-210854","1":"post","2":"type-post","3":"status-publish","4":"format-standard","5":"has-post-thumbnail","7":"category-strasbourg","8":"tag-actu","9":"tag-actualites","10":"tag-alsace","11":"tag-bas-rhin","12":"tag-culture-loisirs","13":"tag-edition-strasbourg","14":"tag-eu","15":"tag-europe","16":"tag-fil-info","17":"tag-fr","18":"tag-france","19":"tag-grand-est","20":"tag-musique","21":"tag-news","22":"tag-republique-francaise","23":"tag-strasbourg","24":"tag-strasbourg-ville"},"share_on_mastodon":{"url":"","error":""},"_links":{"self":[{"href":"https:\/\/www.europesays.com\/fr\/wp-json\/wp\/v2\/posts\/210854","targetHints":{"allow":["GET"]}}],"collection":[{"href":"https:\/\/www.europesays.com\/fr\/wp-json\/wp\/v2\/posts"}],"about":[{"href":"https:\/\/www.europesays.com\/fr\/wp-json\/wp\/v2\/types\/post"}],"author":[{"embeddable":true,"href":"https:\/\/www.europesays.com\/fr\/wp-json\/wp\/v2\/users\/2"}],"replies":[{"embeddable":true,"href":"https:\/\/www.europesays.com\/fr\/wp-json\/wp\/v2\/comments?post=210854"}],"version-history":[{"count":0,"href":"https:\/\/www.europesays.com\/fr\/wp-json\/wp\/v2\/posts\/210854\/revisions"}],"wp:featuredmedia":[{"embeddable":true,"href":"https:\/\/www.europesays.com\/fr\/wp-json\/wp\/v2\/media\/210855"}],"wp:attachment":[{"href":"https:\/\/www.europesays.com\/fr\/wp-json\/wp\/v2\/media?parent=210854"}],"wp:term":[{"taxonomy":"category","embeddable":true,"href":"https:\/\/www.europesays.com\/fr\/wp-json\/wp\/v2\/categories?post=210854"},{"taxonomy":"post_tag","embeddable":true,"href":"https:\/\/www.europesays.com\/fr\/wp-json\/wp\/v2\/tags?post=210854"}],"curies":[{"name":"wp","href":"https:\/\/api.w.org\/{rel}","templated":true}]}}