{"id":210858,"date":"2025-06-28T12:12:09","date_gmt":"2025-06-28T12:12:09","guid":{"rendered":"https:\/\/www.europesays.com\/fr\/210858\/"},"modified":"2025-06-28T12:12:09","modified_gmt":"2025-06-28T12:12:09","slug":"prom-voie-mathis-a8-tramway-les-cles-pour-bien-circuler-dimanche-a-nice-lors-de-lironman-2025","status":"publish","type":"post","link":"https:\/\/www.europesays.com\/fr\/210858\/","title":{"rendered":"Prom&rsquo;, voie Mathis, A8, tramway&#8230; Les cl\u00e9s pour bien circuler dimanche \u00e0 Nice lors de l&rsquo;Ironman 2025"},"content":{"rendered":"<p>L\u2019ironman de Nice, l\u2019un des triathlons les plus connus de France, f\u00eate son 20e anniversaire demain. Deux courses majeures sont au programme : l\u2019Ironman France (3,8 km de natation, 180 km de v\u00e9lo du c\u00f4t\u00e9 de Vence, Gourdon et Gr\u00e9oli\u00e8res, et 42,195 km de course \u00e0 pied en 4 boucles le long de la Prom\u2019) et l\u2019Ironman 70.3, plus l\u00e9ger.<\/p>\n<p>Comme chaque ann\u00e9e, des restrictions de circulations et de stationnements sont pr\u00e9vues \u00e0 partir de ce samedi 28 juin et jusqu\u2019\u00e0 ce lundi 30 juin.<\/p>\n<p>En r\u00e9sum\u00e9 : il faudra favoriser le tramway, emprunter l\u2019autoroute A8 ou la voie Mathis pour traverser la ville.<\/p>\n<p>On fait le point.<\/p>\n<p>La promenade des Anglais sera ferm\u00e9e<\/p>\n<p>\u00c0 partir de 20 h ce samedi et jusqu\u2019\u00e0 5 h ce lundi, la promenade des Anglais sera ferm\u00e9e par tron\u00e7ons dans les deux sens de circulation. Mieux vaut \u00e9viter de l\u2019emprunter durant ces deux jours.<\/p>\n<p>Tous les axes perpendiculaires qui donnent acc\u00e8s la Prom\u2019 seront mis en impasse.<\/p>\n<p>Une entr\u00e9e et une sortie pour le Vieux-Nice<\/p>\n<p>Pour se rendre dans le Vieux-Nice, entre ce dimanche minuit et ce lundi 5 h, il faudra emprunter l\u2019avenue Jean-Jaur\u00e8s car seule la descente Crotti sera accessible pour y entrer. La sortie s\u2019effectuera ensuite par la descente Escoffier.<\/p>\n<p>Le Quai des \u00c9tats-Unis et le quai Rauba-Cape\u00f9 seront ferm\u00e9s \u00e0 la circulation. Les v\u00e9hicules sortant de la rue des Ponchettes seront dirig\u00e9s vers le port par la place du 8-Mai.<\/p>\n<p>Deux acc\u00e8s possibles pour l\u2019a\u00e9roport Nice C\u00f4te d\u2019Azur<\/p>\n<p>Le Pont Napol\u00e9on-III sera ferm\u00e9 \u00e0 la circulation ce dimanche. Tout comme les acc\u00e8s depuis la Prom\u2019. L\u2019unique possibilit\u00e9 pour acc\u00e9der \u00e0 l\u2019a\u00e9roport sera de passer par la M6007 et la M99 Digue des Fran\u00e7ais (la voie sur berge).<\/p>\n<p>Les parkings de la ville presque tous ouverts<\/p>\n<p>\u00c0 quelques exceptions pr\u00e8s, tous les parkings de la Ville seront ouverts. Quatre d\u2019entre eux seront ferm\u00e9s mais il sera toujours possible d\u2019en sortir pour les v\u00e9hicules d\u00e9j\u00e0 stationn\u00e9s. Le parking Sulzer sera ferm\u00e9 \u00e0 partir de minuit ce dimanche et jusqu\u2019\u00e0 5 h ce lundi. De m\u00eame pour les parkings M\u00e9diterran\u00e9e et Palais Mass\u00e9na. Le Ruhl M\u00e9ridien sera inaccessible ce samedi, d\u00e8s 20 h, et jusqu\u2019\u00e0 5 h ce lundi.<\/p>\n<p>Rens. : <a href=\"https:\/\/www.ironman.com\/\" target=\"_blank\" rel=\"noopener\">ironman.com<\/a><\/p><\/p>\n","protected":false},"excerpt":{"rendered":"L\u2019ironman de Nice, l\u2019un des triathlons les plus connus de France, f\u00eate son 20e anniversaire demain. Deux courses&hellip;\n","protected":false},"author":2,"featured_media":210859,"comment_status":"","ping_status":"","sticky":false,"template":"","format":"standard","meta":{"footnotes":""},"categories":[2819],"tags":[1111,11,1777,674,1011,27,803,12,2401,882,25],"class_list":{"0":"post-210858","1":"post","2":"type-post","3":"status-publish","4":"format-standard","5":"has-post-thumbnail","7":"category-nice","8":"tag-actu","9":"tag-actualites","10":"tag-eu","11":"tag-europe","12":"tag-fr","13":"tag-france","14":"tag-info-trafic","15":"tag-news","16":"tag-nice","17":"tag-provence-alpes-cote-dazur","18":"tag-republique-francaise"},"share_on_mastodon":{"url":"","error":""},"_links":{"self":[{"href":"https:\/\/www.europesays.com\/fr\/wp-json\/wp\/v2\/posts\/210858","targetHints":{"allow":["GET"]}}],"collection":[{"href":"https:\/\/www.europesays.com\/fr\/wp-json\/wp\/v2\/posts"}],"about":[{"href":"https:\/\/www.europesays.com\/fr\/wp-json\/wp\/v2\/types\/post"}],"author":[{"embeddable":true,"href":"https:\/\/www.europesays.com\/fr\/wp-json\/wp\/v2\/users\/2"}],"replies":[{"embeddable":true,"href":"https:\/\/www.europesays.com\/fr\/wp-json\/wp\/v2\/comments?post=210858"}],"version-history":[{"count":0,"href":"https:\/\/www.europesays.com\/fr\/wp-json\/wp\/v2\/posts\/210858\/revisions"}],"wp:featuredmedia":[{"embeddable":true,"href":"https:\/\/www.europesays.com\/fr\/wp-json\/wp\/v2\/media\/210859"}],"wp:attachment":[{"href":"https:\/\/www.europesays.com\/fr\/wp-json\/wp\/v2\/media?parent=210858"}],"wp:term":[{"taxonomy":"category","embeddable":true,"href":"https:\/\/www.europesays.com\/fr\/wp-json\/wp\/v2\/categories?post=210858"},{"taxonomy":"post_tag","embeddable":true,"href":"https:\/\/www.europesays.com\/fr\/wp-json\/wp\/v2\/tags?post=210858"}],"curies":[{"name":"wp","href":"https:\/\/api.w.org\/{rel}","templated":true}]}}