{"id":210887,"date":"2025-06-28T12:29:09","date_gmt":"2025-06-28T12:29:09","guid":{"rendered":"https:\/\/www.europesays.com\/fr\/210887\/"},"modified":"2025-06-28T12:29:09","modified_gmt":"2025-06-28T12:29:09","slug":"le-touriste-americain-blesse-apres-une-chute-souffre-dune-fracture-de-la-colonne-vertebrale","status":"publish","type":"post","link":"https:\/\/www.europesays.com\/fr\/210887\/","title":{"rendered":"le touriste am\u00e9ricain bless\u00e9 apr\u00e8s une chute souffre d\u2019une fracture de la colonne vert\u00e9brale"},"content":{"rendered":"<p>C\u2019est un drame qui pourrait avoir de lourdes cons\u00e9quences. Selon les informations de Paris Match, le jeune touriste am\u00e9ricain, gri\u00e8vement bless\u00e9 apr\u00e8s avoir saut\u00e9 d\u2019une hauteur de 10 m\u00e8tres, en contrebas du pont d\u2019I\u00e9na \u00e0 Paris, le 20\u00a0juin, est toujours hospitalis\u00e9. Il souffre notamment d\u2019une fracture de la colonne vert\u00e9brale et d\u2019un traumatisme au niveau du rachis. Pris en charge par une \u00e9quipe m\u00e9dicale de l\u2019h\u00f4pital europ\u00e9en Georges-Pompidou, il s\u2019est d\u2019ores et d\u00e9j\u00e0 vu prescrire 45\u00a0jours d\u2019interruption totale de travail (ITT). \u00ab\u00a0Ce n\u2019est que provisoire, confie une source m\u00e9dicale.<\/p>\n<p>Son \u00e9tat va n\u00e9cessiter une tr\u00e8s longue convalescence\u00a0\u00bb. <a href=\"https:\/\/www.parismatch.com\/actu\/faits-divers\/info-match-paris-un-jeune-touriste-americain-grievement-blesse-apres-une-chute-de-10-metres-253028\" rel=\"nofollow noopener\" target=\"_blank\" data-ylk=\"slk:Les faits, r\u00e9v\u00e9l\u00e9s par Paris Match;elm:context_link;itc:0;sec:content-canvas\" class=\"link \">Les faits, r\u00e9v\u00e9l\u00e9s par Paris Match<\/a> s\u2019\u00e9taient d\u00e9roul\u00e9s vers 1\u00a0h\u00a020 du matin, dans des circonstances encore troubles. La victime, \u00e2g\u00e9e de 18\u00a0ans, se trouvait avec des amies lorsqu\u2019une dispute avait \u00e9clat\u00e9 avec un chauffeur VTC. Pris de panique, le touriste, qui aurait \u00e9t\u00e9 sous l\u2019emprise de l\u2019alcool, avait pris la fuite avant de sauter par-dessus un muret, pensant atterrir quelques m\u00e8tres plus bas, avant de faire une tr\u00e8s lourde chute sur la t\u00eate au niveau de la voie Port Debilly qui longe la Seine.<\/p>\n<p>Le corps m\u00e9dical devrait \u00e9tablir un nouveau bilan de son \u00e9tat de sant\u00e9 d\u2019ici quelques jours.<\/p>\n<p><a href=\"https:\/\/www.parismatch.com\/actu\/faits-divers\/paris-le-touriste-americain-blesse-apres-une-chute-souffre-dune-fracture-de-la-colonne-vertebrale-253448?at_medium=affiliate&amp;at_campaign=Yahoo\" rel=\"nofollow noopener\" target=\"_blank\" data-ylk=\"slk:Retrouvez cet article sur ParisMatch;elm:context_link;itc:0;sec:content-canvas\" class=\"link \">Retrouvez cet article sur ParisMatch<\/a><\/p>\n","protected":false},"excerpt":{"rendered":"C\u2019est un drame qui pourrait avoir de lourdes cons\u00e9quences. Selon les informations de Paris Match, le jeune touriste&hellip;\n","protected":false},"author":2,"featured_media":210888,"comment_status":"","ping_status":"","sticky":false,"template":"","format":"standard","meta":{"footnotes":""},"categories":[1888],"tags":[1111,1928,11,1927,1777,674,1011,27,32843,35050,12,1926,626,5818,1925,32842,25],"class_list":{"0":"post-210887","1":"post","2":"type-post","3":"status-publish","4":"format-standard","5":"has-post-thumbnail","7":"category-paris","8":"tag-actu","9":"tag-actu-paris","10":"tag-actualites","11":"tag-actualites-paris","12":"tag-eu","13":"tag-europe","14":"tag-fr","15":"tag-france","16":"tag-georges-pompidou","17":"tag-la-colonne-vertebrale","18":"tag-news","19":"tag-news-paris","20":"tag-paris","21":"tag-paris-match","22":"tag-paris-news","23":"tag-pris-de-panique","24":"tag-republique-francaise"},"share_on_mastodon":{"url":"","error":""},"_links":{"self":[{"href":"https:\/\/www.europesays.com\/fr\/wp-json\/wp\/v2\/posts\/210887","targetHints":{"allow":["GET"]}}],"collection":[{"href":"https:\/\/www.europesays.com\/fr\/wp-json\/wp\/v2\/posts"}],"about":[{"href":"https:\/\/www.europesays.com\/fr\/wp-json\/wp\/v2\/types\/post"}],"author":[{"embeddable":true,"href":"https:\/\/www.europesays.com\/fr\/wp-json\/wp\/v2\/users\/2"}],"replies":[{"embeddable":true,"href":"https:\/\/www.europesays.com\/fr\/wp-json\/wp\/v2\/comments?post=210887"}],"version-history":[{"count":0,"href":"https:\/\/www.europesays.com\/fr\/wp-json\/wp\/v2\/posts\/210887\/revisions"}],"wp:featuredmedia":[{"embeddable":true,"href":"https:\/\/www.europesays.com\/fr\/wp-json\/wp\/v2\/media\/210888"}],"wp:attachment":[{"href":"https:\/\/www.europesays.com\/fr\/wp-json\/wp\/v2\/media?parent=210887"}],"wp:term":[{"taxonomy":"category","embeddable":true,"href":"https:\/\/www.europesays.com\/fr\/wp-json\/wp\/v2\/categories?post=210887"},{"taxonomy":"post_tag","embeddable":true,"href":"https:\/\/www.europesays.com\/fr\/wp-json\/wp\/v2\/tags?post=210887"}],"curies":[{"name":"wp","href":"https:\/\/api.w.org\/{rel}","templated":true}]}}