{"id":210899,"date":"2025-06-28T12:35:09","date_gmt":"2025-06-28T12:35:09","guid":{"rendered":"https:\/\/www.europesays.com\/fr\/210899\/"},"modified":"2025-06-28T12:35:09","modified_gmt":"2025-06-28T12:35:09","slug":"le-grand-pere-de-la-future-patronne-du-mi6-etait-un-espion-pour-les-nazis","status":"publish","type":"post","link":"https:\/\/www.europesays.com\/fr\/210899\/","title":{"rendered":"Le grand-p\u00e8re de la future patronne du MI6 \u00e9tait\u2026 un espion pour les Nazis"},"content":{"rendered":"<p>La future patronne du renseignement ext\u00e9rieur britannique avait pour grand-p\u00e8re\u2026 un espion <a href=\"https:\/\/www.20minutes.fr\/dossier\/nazi\" class=\"color-ultramarine c-link\" target=\"_blank\" rel=\"noopener\">nazi<\/a>. Alors qu\u2019elle vient tout juste d\u2019\u00eatre nomm\u00e9e \u00e0 la t\u00eate du MI6, le tablo\u00efd The Daily Mail a publi\u00e9 l\u2019information, ajoutant que son grand-p\u00e8re paternel \u00e9tait \u00e9galement d\u00e9serteur de l\u2019arm\u00e9e <a href=\"https:\/\/www.20minutes.fr\/dossier\/russe\" class=\"color-ultramarine c-link\" target=\"_blank\" rel=\"noopener\">russe <\/a>d\u2019origine ukrainienne.<\/p>\n<p>Blaise Metreweli, 47 ans, a \u00e9t\u00e9 nomm\u00e9e mi-juin pour devenir la premi\u00e8re femme \u00e0 diriger le Secret Intelligence Service. Peu de choses ont \u00e9t\u00e9 divulgu\u00e9es de son pass\u00e9 ou de sa vie personnelle, alors qu\u2019elle a effectu\u00e9 l\u2019essentiel de sa carri\u00e8re dans l\u2019anonymat des services de renseignement.<\/p>\n<p>Surnomm\u00e9 \u00ab\u00a0Le Boucher\u00a0\u00bb par des commandants<\/p>\n<p>Selon une enqu\u00eate du Daily Mail publi\u00e9e vendredi, qui a remont\u00e9 la piste de ses origines \u00e0 travers des documents archiv\u00e9s au <a href=\"https:\/\/www.20minutes.fr\/monde\/royaume-uni\/\" class=\"color-ultramarine c-link\" target=\"_blank\" rel=\"noopener\">Royaume-Uni <\/a>et en <a href=\"https:\/\/www.20minutes.fr\/dossier\/allemagne\" class=\"color-ultramarine c-link\" target=\"_blank\" rel=\"noopener\">Allemagne <\/a>notamment, son grand-p\u00e8re s\u2019appelait Constantine Dobrowolski et a \u00e9t\u00e9 pendant la Seconde Guerre mondiale un z\u00e9l\u00e9 espion nazi, op\u00e9rant en Ukraine. Engag\u00e9 dans l\u2019arm\u00e9e russe, il est envoy\u00e9 au front d\u2019o\u00f9 il rejoint le camp de l\u2019Allemagne nazie.<\/p>\n<p>Surnomm\u00e9 \u00ab\u00a0Le Boucher\u00a0\u00bb ou \u00ab\u00a0Agent n\u00b030\u00a0\u00bb par des commandants de la Wehrmacht, l\u2019arm\u00e9e du IIIe Reich, il a notamment contribu\u00e9 \u00ab\u00a0personnellement\u00a0\u00bb \u00e0 \u00ab\u00a0l\u2019extermination des Juifs\u00a0\u00bb, comme il l\u2019affirmait lui-m\u00eame dans des courriers \u00e9chang\u00e9s avec ses sup\u00e9rieurs, retrouv\u00e9s par le journal.<\/p>\n<p>Son \u00e9pouse a fui au Royaume-Uni durant la guerre avec son fils de deux mois &#8211; le futur p\u00e8re de Blaise Metreweli \u2013, o\u00f9 elle s\u2019est remari\u00e9e en\u00a01947, prenant le nom de son nouvel \u00e9poux David Metreweli.<\/p>\n<p>Recherch\u00e9 par le KGB<\/p>\n<p>Selon la <a href=\"https:\/\/www.20minutes.fr\/dossier\/bbc\" class=\"color-ultramarine c-link\" target=\"_blank\" rel=\"noopener\">BBC<\/a>, Constantine Dobrowolski appara\u00eet \u00e9galement sur une liste de personnes recherch\u00e9es par le KGB dans les ann\u00e9es\u00a01960 comme agents de renseignement \u00e9trangers et \u00ab\u00a0tra\u00eetres \u00e0 la m\u00e8re patrie\u00a0\u00bb.<\/p>\n<p>Contact\u00e9, le minist\u00e8re britannique des Affaires \u00e9trang\u00e8res, qui a la tutelle sur le MI6, a indiqu\u00e9 que cette derni\u00e8re \u00ab\u00a0n\u2019a jamais connu ni rencontr\u00e9 son grand-p\u00e8re paternel\u00a0\u00bb.<\/p>\n<p>\u00ab\u00a0L\u2019ascendance de Blaise est marqu\u00e9e par les conflits et les divisions et, comme c\u2019est le cas pour de nombreuses personnes d\u2019origine est-europ\u00e9enne, elle n\u2019est que partiellement connue\u00a0\u00bb, a-t-il ajout\u00e9.<\/p>\n<p>\u00ab\u00a0C\u2019est pr\u00e9cis\u00e9ment cet h\u00e9ritage complexe qui a contribu\u00e9 \u00e0 son engagement pour pr\u00e9venir les conflits et prot\u00e9ger la population britannique des menaces modernes \u00e9manant d\u2019\u00c9tats hostiles\u00a0\u00bb, affirme encore le minist\u00e8re.<\/p>\n","protected":false},"excerpt":{"rendered":"La future patronne du renseignement ext\u00e9rieur britannique avait pour grand-p\u00e8re\u2026 un espion nazi. Alors qu\u2019elle vient tout juste&hellip;\n","protected":false},"author":2,"featured_media":210900,"comment_status":"","ping_status":"","sticky":false,"template":"","format":"standard","meta":{"footnotes":""},"categories":[1588],"tags":[47,11,1777,674,74,936,16684,12,473,1853,8013,1851,1850,1852],"class_list":{"0":"post-210899","1":"post","2":"type-post","3":"status-publish","4":"format-standard","5":"has-post-thumbnail","7":"category-royaume-uni","8":"tag-actualite","9":"tag-actualites","10":"tag-eu","11":"tag-europe","12":"tag-monde","13":"tag-nazi","14":"tag-nazisme","15":"tag-news","16":"tag-royaume-uni","17":"tag-royaume-uni-de-grande-bretagne-et-dirlande-du-nord","18":"tag-russe","19":"tag-uk","20":"tag-united-kingdom","21":"tag-united-kingdom-of-great-britain-and-northern-ireland"},"share_on_mastodon":{"url":"","error":""},"_links":{"self":[{"href":"https:\/\/www.europesays.com\/fr\/wp-json\/wp\/v2\/posts\/210899","targetHints":{"allow":["GET"]}}],"collection":[{"href":"https:\/\/www.europesays.com\/fr\/wp-json\/wp\/v2\/posts"}],"about":[{"href":"https:\/\/www.europesays.com\/fr\/wp-json\/wp\/v2\/types\/post"}],"author":[{"embeddable":true,"href":"https:\/\/www.europesays.com\/fr\/wp-json\/wp\/v2\/users\/2"}],"replies":[{"embeddable":true,"href":"https:\/\/www.europesays.com\/fr\/wp-json\/wp\/v2\/comments?post=210899"}],"version-history":[{"count":0,"href":"https:\/\/www.europesays.com\/fr\/wp-json\/wp\/v2\/posts\/210899\/revisions"}],"wp:featuredmedia":[{"embeddable":true,"href":"https:\/\/www.europesays.com\/fr\/wp-json\/wp\/v2\/media\/210900"}],"wp:attachment":[{"href":"https:\/\/www.europesays.com\/fr\/wp-json\/wp\/v2\/media?parent=210899"}],"wp:term":[{"taxonomy":"category","embeddable":true,"href":"https:\/\/www.europesays.com\/fr\/wp-json\/wp\/v2\/categories?post=210899"},{"taxonomy":"post_tag","embeddable":true,"href":"https:\/\/www.europesays.com\/fr\/wp-json\/wp\/v2\/tags?post=210899"}],"curies":[{"name":"wp","href":"https:\/\/api.w.org\/{rel}","templated":true}]}}