{"id":210903,"date":"2025-06-28T12:37:11","date_gmt":"2025-06-28T12:37:11","guid":{"rendered":"https:\/\/www.europesays.com\/fr\/210903\/"},"modified":"2025-06-28T12:37:11","modified_gmt":"2025-06-28T12:37:11","slug":"leurope-triste-avant-de-relever-la-tete","status":"publish","type":"post","link":"https:\/\/www.europesays.com\/fr\/210903\/","title":{"rendered":"L\u2019Europe triste (avant de relever la t\u00eate?)"},"content":{"rendered":"<p>              <a tabindex=\"-1\" title=\"Fr\u00e9d\u00e9ric Koller\" href=\"https:\/\/www.letemps.ch\/profil\/frederic-koller\" target=\"_blank\" rel=\"noopener\"><\/p>\n<p>                    <img decoding=\"async\" src=\"https:\/\/www.europesays.com\/fr\/wp-content\/uploads\/2025\/04\/1743813744_853_small.jpeg\" class=\"lazy\" alt=\"\"\/><\/p>\n<p><\/a>        <\/p>\n<p>    Publi\u00e9 le 28 juin 2025 \u00e0 10:56. \/ Modifi\u00e9 le 28 juin 2025 \u00e0 13:27.<\/p>\n<p> 3 min. de lecture<\/p>\n<p>    <strong>Nouvelles fronti\u00e8res<\/strong><\/p>\n<p>Chaque samedi, notre journaliste Fr\u00e9d\u00e9ric Koller commente l&rsquo;actualit\u00e9 g\u00e9opolitique de la semaine.<\/p>\n<p><strong>Retrouvez<\/strong> <a href=\"https:\/\/www.letemps.ch\/profil\/frederic-koller\" class=\"link\" target=\"_blank\" rel=\"noopener\">tous ses articles et chroniques<\/a><\/p>\n<p>Qu\u2019elle est p\u00e9nible, cette s\u00e9quence des renoncements europ\u00e9ens. En quelques jours, le continent a fait grand \u00e9talage de sa paralysie face \u00e0 une pure logique guerri\u00e8re contre laquelle elle s\u2019\u00e9tait reconstruite depuis 80\u00a0ans. Face \u00e0 l\u2019usage de la force, l\u2019Europe prend \u00e0 son tour le chemin de l\u2019abdication du droit. Plut\u00f4t qu\u2019aux garanties des r\u00e8gles internationales \u00e9tablies, on semble s\u2019en remettre au \u00abr\u00e9alisme\u00bb dict\u00e9 par les armes, le chantage et le mensonge. Il flotte comme un air de capitulation de l\u2019esprit europ\u00e9en. D\u00e9sormais, la force du droit le c\u00e8de syst\u00e9matiquement au droit \u00e0 la force.<\/p>\n<p>Voici cette s\u00e9quence. Hors d\u2019Europe d\u2019abord. Le carnage de Gaza a pris un nouveau tour avec l\u2019instrumentalisation de l\u2019aide humanitaire \u00e0 des fins de nettoyage ethnique et de terreur au service d\u2019un projet d\u2019expansion territoriale. La Gaza Humanitarian Foundation serait \u00e0 ce jour complice de la mort de 400 Palestiniens. L\u2019Europe a d\u00e9plor\u00e9. Mais elle ne condamne pas. Elle n\u2019agit pas. Sa raison humanitaire l\u2019a-t-elle abandonn\u00e9e? Isra\u00ebl et les Etats-Unis bombardent en toute ill\u00e9galit\u00e9 T\u00e9h\u00e9ran et des sites nucl\u00e9aires soup\u00e7onn\u00e9s de d\u00e9velopper l\u2019arme atomique. Les Europ\u00e9ens acquiescent et le chancelier allemand parle de \u00abfaire le sale boulot\u00bb. Ont-ils oubli\u00e9 la diplomatie, celle qu\u2019ils avaient men\u00e9e avec succ\u00e8s pour stopper ce programme nucl\u00e9aire \u2013 lui aussi ill\u00e9gal \u2013 il y a 10 ans? L\u2019Europe valide le viol des Conventions de Gen\u00e8ve et de la Charte de l\u2019ONU.<\/p>\n","protected":false},"excerpt":{"rendered":"Publi\u00e9 le 28 juin 2025 \u00e0 10:56. \/ Modifi\u00e9 le 28 juin 2025 \u00e0 13:27. 3 min. de&hellip;\n","protected":false},"author":2,"featured_media":210904,"comment_status":"","ping_status":"","sticky":false,"template":"","format":"standard","meta":{"footnotes":""},"categories":[1586],"tags":[11,73,1777,674,1011,27,12,301,25],"class_list":{"0":"post-210903","1":"post","2":"type-post","3":"status-publish","4":"format-standard","5":"has-post-thumbnail","7":"category-europe","8":"tag-actualites","9":"tag-etats-unis","10":"tag-eu","11":"tag-europe","12":"tag-fr","13":"tag-france","14":"tag-news","15":"tag-premium","16":"tag-republique-francaise"},"share_on_mastodon":{"url":"","error":""},"_links":{"self":[{"href":"https:\/\/www.europesays.com\/fr\/wp-json\/wp\/v2\/posts\/210903","targetHints":{"allow":["GET"]}}],"collection":[{"href":"https:\/\/www.europesays.com\/fr\/wp-json\/wp\/v2\/posts"}],"about":[{"href":"https:\/\/www.europesays.com\/fr\/wp-json\/wp\/v2\/types\/post"}],"author":[{"embeddable":true,"href":"https:\/\/www.europesays.com\/fr\/wp-json\/wp\/v2\/users\/2"}],"replies":[{"embeddable":true,"href":"https:\/\/www.europesays.com\/fr\/wp-json\/wp\/v2\/comments?post=210903"}],"version-history":[{"count":0,"href":"https:\/\/www.europesays.com\/fr\/wp-json\/wp\/v2\/posts\/210903\/revisions"}],"wp:featuredmedia":[{"embeddable":true,"href":"https:\/\/www.europesays.com\/fr\/wp-json\/wp\/v2\/media\/210904"}],"wp:attachment":[{"href":"https:\/\/www.europesays.com\/fr\/wp-json\/wp\/v2\/media?parent=210903"}],"wp:term":[{"taxonomy":"category","embeddable":true,"href":"https:\/\/www.europesays.com\/fr\/wp-json\/wp\/v2\/categories?post=210903"},{"taxonomy":"post_tag","embeddable":true,"href":"https:\/\/www.europesays.com\/fr\/wp-json\/wp\/v2\/tags?post=210903"}],"curies":[{"name":"wp","href":"https:\/\/api.w.org\/{rel}","templated":true}]}}