{"id":210907,"date":"2025-06-28T12:39:10","date_gmt":"2025-06-28T12:39:10","guid":{"rendered":"https:\/\/www.europesays.com\/fr\/210907\/"},"modified":"2025-06-28T12:39:10","modified_gmt":"2025-06-28T12:39:10","slug":"le-format-a-vieilli-pourquoi-questions-pour-un-champion-sarrete-en-semaine-sur-france-3","status":"publish","type":"post","link":"https:\/\/www.europesays.com\/fr\/210907\/","title":{"rendered":"\u00ab\u00a0Le format a vieilli \u00bb : pourquoi \u00ab Questions pour un champion\u00a0\u00bb s\u2019arr\u00eate en semaine sur France 3"},"content":{"rendered":"<p class=\"paragraph text_align_left lp-f-body-02\">C\u2019est la fin de 37 ans de quotidiennes. <a href=\"https:\/\/www.leparisien.fr\/week-end\/questions-pour-un-champion-comment-le-jeu-lance-en-1988-est-devenu-indemodable-25-11-2022-3CHR2YJ3HFDTJACFK2RMHIRSNQ.php\" target=\"_blank\" rel=\"noreferrer nofollow noopener\">Le jeu \u00ab Questions pour un champion \u00bb<\/a> ne sera plus pr\u00e9sent \u00e0 l\u2019antenne en semaine sur France 3 la saison prochaine, a annonc\u00e9 le journaliste m\u00e9dias et animateur de \u00ab Culture M\u00e9dias \u00bb sur Europe 1 Thomas Isle ce samedi 28 juin sur son compte X, information que nous sommes en mesure de confirmer. Les \u00e9quipes du divertissement en ont \u00e9t\u00e9 inform\u00e9es ce vendredi, \u00e0 l\u2019issue d\u2019une semaine de tournages.<\/p>\n<p class=\"paragraph text_align_left lp-f-body-02\">Pr\u00e9sente depuis 1988 \u00e0 l\u2019antenne en semaine, l\u2019\u00e9mission culte pr\u00e9sent\u00e9e d\u00e9sormais par Samuel \u00c9tienne ne sera plus diffus\u00e9e que les samedis et dimanches sur la Trois. Un choix li\u00e9 au co\u00fbt \u00e9lev\u00e9 du programme pour la cha\u00eene dans un contexte d\u2019\u00e9conomies importantes. Car s\u2019il avait \u00e9t\u00e9 r\u00e9duit progressivement \u00e0 la demande du groupe audiovisuel public, il reste aujourd\u2019hui le budget le plus \u00e9lev\u00e9 de l\u2019ensemble des jeux de journ\u00e9e de la cha\u00eene.<\/p>\n<p>Audiences en baisse<\/p>\n<p class=\"paragraph text_align_left lp-f-body-02\">Les audiences sont aussi en cause. Depuis le d\u00e9but de l\u2019ann\u00e9e, \u00e0 18h05, \u00ab Questions pour un champion \u00bb compte 1,2 million de t\u00e9l\u00e9spectateurs, pour 11,7% de parts de march\u00e9. Soit une baisse de 300 000 curieux et de 1,2 point sur un an. <\/p>\n<p class=\"paragraph text_align_left lp-f-body-02\">\u00ab C\u2019est la plus forte baisse du bloc jeux de la Trois, pointe du doigt un cadre de la concurrence. Certes, c\u2019est un format embl\u00e9matique de la t\u00e9l\u00e9vision, mais il a vieilli&#8230; Le d\u00e9cor n\u2019a pas \u00e9volu\u00e9 depuis l\u2019arriv\u00e9e de Samuel Etienne il y a bient\u00f4t dix ans, et la m\u00e9canique reste toujours la m\u00eame. \u00bb<\/p>\n<p class=\"paragraph text_align_left lp-f-body-02\">Le programme compte aussi une nouvelle concurrence depuis le d\u00e9but de l\u2019ann\u00e9e 2025 avec l\u2019arriv\u00e9e d\u2019une nouvelle mouture de \u00ab La roue de la fortune \u00bb sur M6, pr\u00e9sent\u00e9e par Eric Antoine, du lundi au vendredi \u00e0 17h30. <\/p>\n<p class=\"paragraph text_align_left lp-f-body-02\">Apr\u00e8s un d\u00e9marrage correct, le jeu a r\u00e9ussi \u00e0 grappiller des t\u00e9l\u00e9spectateurs jour apr\u00e8s jour sur la Six et atteindre des performances qu\u2019elle n\u2019avait plus connu depuis plusieurs ann\u00e9es. R\u00e9sultat, elle bat tr\u00e8s r\u00e9guli\u00e8rement \u00ab Slam \u00bb avec Th\u00e9o Curin et impacte directement la premi\u00e8re demi-heure du jeu de Samuel Etienne.<\/p>\n<p class=\"paragraph text_align_left lp-f-body-02\">Plusieurs autres programmes devraient \u00e9galement subir des coupes. La direction a notamment d\u00e9cid\u00e9 d\u2019arr\u00eater \u00ab C m\u00e9diatique \u00bb, \u00e9mission dominicale de France 5, apr\u00e8s deux saisons. Des choix impos\u00e9s face \u00e0 une baisse de la dotation publique de l\u2019Etat, \u00e0 2,6 milliards d\u2019euros cette ann\u00e9e. <\/p>\n<p class=\"paragraph text_align_left lp-f-body-02\">France T\u00e9l\u00e9visions pr\u00e9voit m\u00eame de finir l\u2019ann\u00e9e avec un d\u00e9ficit de 70 millions d\u2019euros, une premi\u00e8re depuis la nomination de Delphine Ernotte Cunci \u00e0 la t\u00eate de l\u2019entreprise en 2015. <\/p>\n<p>Le pr\u00e9c\u00e9dent des \u00ab Chiffres et des lettres \u00bb<\/p>\n<p class=\"paragraph text_align_left lp-f-body-02\">A nos confr\u00e8res du Figaro, en mai dernier, la pr\u00e9sidente des cha\u00eenes t\u00e9l\u00e9vis\u00e9es publiques indiquait d\u00e9sirer une \u00ab sanctuarisation des budgets d\u00e9di\u00e9s aux programmes et \u00e0 la cr\u00e9ation. \u00bb<\/p>\n<p class=\"paragraph text_align_left lp-f-body-02\">Avant le rendez-vous quotidien de Samuel Etienne, France 3 avait d\u00e9j\u00e0 pris une d\u00e9cision identique pour \u00ab Des chiffres et des lettres \u00bb en 2022. Apr\u00e8s cinq d\u00e9cennies en quotidienne, il avait \u00e9t\u00e9 rel\u00e9gu\u00e9 le week-end avant de voir sa diffusion interrompue deux ans plus tard. <\/p>\n<p class=\"paragraph text_align_left lp-f-body-02\">\u00ab La programmation le week-end de Des chiffres et des lettres n\u2019a pas \u00e9t\u00e9 couronn\u00e9e de succ\u00e8s. Apr\u00e8s cinquante ans d\u2019existence, c\u2019est un rendez-vous embl\u00e9matique. C\u2019est une d\u00e9cision difficile mais nous avons fait le choix d\u2019arr\u00eater ce programme \u00bb, avait alors justifi\u00e9 St\u00e9phane Sitbon-Gomez, directeur des programmes et des antennes de France T\u00e9l\u00e9visions, dans un entretien \u00e0 La Tribune l\u2019an pass\u00e9.<\/p>\n<p class=\"paragraph text_align_left lp-f-body-02\">Doit-on s\u2019attendre \u00e0 une situation identique ? \u00ab Non, pronostique-t-on dans les couloirs de la cha\u00eene. Malgr\u00e9 sa baisse, Questions pour un champion continue de fonctionner, notamment le week-end. L\u2019arr\u00eater totalement serait une b\u00eatise. Cela peut devenir un marqueur fort du week-end. Maintenant, il va falloir savoir s\u2019ils maintiennent en parall\u00e8le Le jeu des 1000 euros et la version du samedi de Slam o\u00f9 s\u2019ils vont aussi toucher \u00e0 la grille. \u00bb<\/p>\n<p class=\"paragraph text_align_left lp-f-body-02\">Adapt\u00e9 du format britannique \u00ab Going for Gold \u00bb, \u00ab Questions pour un champion \u00bb est l\u2019un des programmes phares de France T\u00e9l\u00e9visions depuis plus de 35 ans. Incarn\u00e9e <a href=\"https:\/\/www.leparisien.fr\/culture-loisirs\/tv\/julien-lepers-la-vie-sans-questions-pour-un-champion-les-gens-me-disent-que-je-leur-manque-29-10-2022-OWSI4OKJGBFPJHICWF5HRCVLRY.php\" target=\"_blank\" rel=\"noreferrer nofollow noopener\">pendant ses 28 premi\u00e8res ann\u00e9es par Julien Lepers<\/a>, l\u2019\u00e9mission a travers\u00e9 les g\u00e9n\u00e9rations et <a href=\"https:\/\/www.leparisien.fr\/seine-et-marne-77\/samuel-etienne-est-venu-nous-voir-le-succes-des-clubs-questions-pour-un-champion-en-ile-de-france-25-02-2025-E4SDXC44GRHYNMQLRL3BYCI7MA.php\" target=\"_blank\" rel=\"noreferrer nofollow noopener\">compte des centaines de clubs de fans \u00e0 travers la France<\/a>. L\u2019arr\u00eat en semaine de \u00ab Questions pour un champion \u00bb signe la fin d\u2019une page de l\u2019histoire de la t\u00e9l\u00e9vision fran\u00e7aise.<\/p>\n","protected":false},"excerpt":{"rendered":"C\u2019est la fin de 37 ans de quotidiennes. Le jeu \u00ab Questions pour un champion \u00bb ne sera&hellip;\n","protected":false},"author":2,"featured_media":210908,"comment_status":"","ping_status":"","sticky":false,"template":"","format":"standard","meta":{"footnotes":""},"categories":[2],"tags":[11,872,1011,27,12,25,2205],"class_list":{"0":"post-210907","1":"post","2":"type-post","3":"status-publish","4":"format-standard","5":"has-post-thumbnail","7":"category-actualites","8":"tag-actualites","9":"tag-culture-et-loisirs","10":"tag-fr","11":"tag-france","12":"tag-news","13":"tag-republique-francaise","14":"tag-television-medias"},"share_on_mastodon":{"url":"","error":""},"_links":{"self":[{"href":"https:\/\/www.europesays.com\/fr\/wp-json\/wp\/v2\/posts\/210907","targetHints":{"allow":["GET"]}}],"collection":[{"href":"https:\/\/www.europesays.com\/fr\/wp-json\/wp\/v2\/posts"}],"about":[{"href":"https:\/\/www.europesays.com\/fr\/wp-json\/wp\/v2\/types\/post"}],"author":[{"embeddable":true,"href":"https:\/\/www.europesays.com\/fr\/wp-json\/wp\/v2\/users\/2"}],"replies":[{"embeddable":true,"href":"https:\/\/www.europesays.com\/fr\/wp-json\/wp\/v2\/comments?post=210907"}],"version-history":[{"count":0,"href":"https:\/\/www.europesays.com\/fr\/wp-json\/wp\/v2\/posts\/210907\/revisions"}],"wp:featuredmedia":[{"embeddable":true,"href":"https:\/\/www.europesays.com\/fr\/wp-json\/wp\/v2\/media\/210908"}],"wp:attachment":[{"href":"https:\/\/www.europesays.com\/fr\/wp-json\/wp\/v2\/media?parent=210907"}],"wp:term":[{"taxonomy":"category","embeddable":true,"href":"https:\/\/www.europesays.com\/fr\/wp-json\/wp\/v2\/categories?post=210907"},{"taxonomy":"post_tag","embeddable":true,"href":"https:\/\/www.europesays.com\/fr\/wp-json\/wp\/v2\/tags?post=210907"}],"curies":[{"name":"wp","href":"https:\/\/api.w.org\/{rel}","templated":true}]}}