{"id":210915,"date":"2025-06-28T12:43:10","date_gmt":"2025-06-28T12:43:10","guid":{"rendered":"https:\/\/www.europesays.com\/fr\/210915\/"},"modified":"2025-06-28T12:43:10","modified_gmt":"2025-06-28T12:43:10","slug":"montpellier-decroche-une-invitation-et-disputera-la-ligue-des-champions-de-volley-2025-2026-lequipe","status":"publish","type":"post","link":"https:\/\/www.europesays.com\/fr\/210915\/","title":{"rendered":"Montpellier d\u00e9croche une invitation et disputera la Ligue des champions de volley 2025-2026 &#8211; L&#039;\u00c9quipe"},"content":{"rendered":"<ol>\n<li><a href=\"https:\/\/news.google.com\/rss\/articles\/CBMi3gFBVV95cUxPdjJtdTY2d3hCVmRzNU14YkNxNi1qWlQ4Ynk4T1p4akpNMXZndXRSS1ZZLXJETllja1BVcmt1Q3NhZURvX2xwZkVXaGwyTlVGdFRIODQ4ZFZqOVpFMkxmM1ZRYkJ5Z3ExWFNkaFZyRm5nWGFIbVc1MXlXZ3RJZWdaU2lfeHdvUXFHenBPLWpoUnFEbjZjQjAyNkduemdEeS1zbk1hdFV1c3M2MGFLeU1GMDlLQTVYR2pUYXdGc1k3cjJjeGotRUN5SDBweGVDOG9BLVJ3cTRrTXNsb3RJZ2c?oc=5\" target=\"_blank\" rel=\"nofollow noopener\">Montpellier d\u00e9croche une invitation et disputera la Ligue des champions de volley 2025-2026<\/a>&nbsp;&nbsp;L&rsquo;\u00c9quipe<\/li>\n<li><a href=\"https:\/\/news.google.com\/rss\/articles\/CBMi-wFBVV95cUxPRW1NbE83VHZ1QkJjMUNTejdXTXNnT0VhVUF0V0tOZXNNUFhGRnMyTGoxNUtVekpWZ3ZLSndpcFB2aFVDTDRBYUJMcHhFR2hSY0pMSm1ndFBHSG91NXRVWmtLa0YwODRzZUY1aVRiOFFCd1ZXQVh1UnROVHZZWkFXVGE5N0JlWmdhWWdmWGdUVldfYkpaMnVXOFV0V0FFV3Y5ZDBERXh2SXoydzVSTGpiNk5lWEoydllVbTZ5RjJYNTRuZWd6V3ZtRW51S3BGSDBVMnhodmxZS19fOWtUTmZuUXNsSWJjMlA1a1FEUzMwVWZGX29PMGZCblczOA?oc=5\" target=\"_blank\" rel=\"nofollow noopener\">Une invitation en Ligue des Champions, un mercato de tr\u00e8s bonne facture\u2026 Montpellier a parfaitement g\u00e9r\u00e9 son intersaison<\/a>&nbsp;&nbsp;Midi Libre<\/li>\n<li><a href=\"https:\/\/news.google.com\/rss\/articles\/CBMi7wFBVV95cUxNaGJjam1LNGxnSWwwZUFZZzZHUVVSMGFfX1Z5Q1c3TklTVS1pTDBUWmhMY1E0bWNXYzh0bTdmOXB4Znp5N2gzNzVtQnViZHFPRXZjQ3ZaU0pnejhfWkZXbVdrOG9YNUtkblZjY1FIREdONmZtbk02VTFxMEtVRGxYQ2pBRWoxeDIwRzdIYXo5QU0yX2liVkVyUXJETjZYRFVfWGgzZm9XVC1xdmE3M25Dei1YZVNzN1hwSFBBU0x0LXZsUk9PN0V6OG05bHVsZ0plMHpSWVRYalF2WHVQaUVCUnZISjIxR0lHQ0t5SVdWRQ?oc=5\" target=\"_blank\" rel=\"nofollow noopener\">Le MHSC Volley-Ball participera \u00e0 la Ligue des Champions 2025-2026 : une wild-card m\u00e9rit\u00e9e pour les Montpelli\u00e9rains<\/a>&nbsp;&nbsp;AllezPaillade.com<\/li>\n<li><a href=\"https:\/\/news.google.com\/rss\/articles\/CBMi1AFBVV95cUxPbUpWbGtFR3drck13VU4tQTFPa0JhZm10OHU0WnRzQUc4c1hMM2lrcG5SR1JaeEtsdkRuTGZydFZRRE01OVVycW5WWE5vRzk4eWh2cW9kUFVGMVJXWHQyeXlmTmNPRTJBZzFLZGt3MmZnbmg2ekJEZzU1eW50OGtiT3dFaW5lYnJUTGhZUUpfMVhXemdUZnozRHd6WXJYeG8yTmtaY2dUWFYtYkFRMXlYaVFYRWgybmEtaFJINVRNUmQ5czlmQ1kwSktKV1NFdld5NjcxTA?oc=5\" target=\"_blank\" rel=\"nofollow noopener\">Volley-ball : le MHSC jouera finalement en Ligue des champions pour la saison 2025-2026<\/a>&nbsp;&nbsp;francebleu.fr<\/li>\n<li><a href=\"https:\/\/news.google.com\/rss\/articles\/CBMitAFBVV95cUxOS01mV3VyZ2J6LUxTX0JpMHliWU1WTlpOZXRiWVlUY2pFck1IQUhTaTdLQmV2aVd2N1JkbHFfcjEzanNJZk5vOWl6VUtOUHVGXy1YNzl1Vk1QbzdWQXFsRjZ2NkJkOUx1ZUpqWWxSa1hWcTlabzJEdlI2RkhPVVB6UnhoVzRLYVBHTWdLTlZISHJ3dk1FT3I5SlA3S2p6VF9Rd1lwQWhyZmp3bzNiN3lRV1BQRTk?oc=5\" target=\"_blank\" rel=\"nofollow noopener\">Volley : Montpellier jouera la Ligue des champions 2025-2026<\/a>&nbsp;&nbsp;lagazettedemontpellier.fr<\/li>\n<\/ol>\n","protected":false},"excerpt":{"rendered":"Montpellier d\u00e9croche une invitation et disputera la Ligue des champions de volley 2025-2026&nbsp;&nbsp;L&rsquo;\u00c9quipe Une invitation en Ligue des&hellip;\n","protected":false},"author":2,"featured_media":210916,"comment_status":"","ping_status":"","sticky":false,"template":"","format":"standard","meta":{"footnotes":""},"categories":[1417],"tags":[1011,27,60,1470,1469],"class_list":{"0":"post-210915","1":"post","2":"type-post","3":"status-publish","4":"format-standard","5":"has-post-thumbnail","7":"category-volley","8":"tag-fr","9":"tag-france","10":"tag-sports","11":"tag-volley","12":"tag-volleyball"},"share_on_mastodon":{"url":"","error":""},"_links":{"self":[{"href":"https:\/\/www.europesays.com\/fr\/wp-json\/wp\/v2\/posts\/210915","targetHints":{"allow":["GET"]}}],"collection":[{"href":"https:\/\/www.europesays.com\/fr\/wp-json\/wp\/v2\/posts"}],"about":[{"href":"https:\/\/www.europesays.com\/fr\/wp-json\/wp\/v2\/types\/post"}],"author":[{"embeddable":true,"href":"https:\/\/www.europesays.com\/fr\/wp-json\/wp\/v2\/users\/2"}],"replies":[{"embeddable":true,"href":"https:\/\/www.europesays.com\/fr\/wp-json\/wp\/v2\/comments?post=210915"}],"version-history":[{"count":0,"href":"https:\/\/www.europesays.com\/fr\/wp-json\/wp\/v2\/posts\/210915\/revisions"}],"wp:featuredmedia":[{"embeddable":true,"href":"https:\/\/www.europesays.com\/fr\/wp-json\/wp\/v2\/media\/210916"}],"wp:attachment":[{"href":"https:\/\/www.europesays.com\/fr\/wp-json\/wp\/v2\/media?parent=210915"}],"wp:term":[{"taxonomy":"category","embeddable":true,"href":"https:\/\/www.europesays.com\/fr\/wp-json\/wp\/v2\/categories?post=210915"},{"taxonomy":"post_tag","embeddable":true,"href":"https:\/\/www.europesays.com\/fr\/wp-json\/wp\/v2\/tags?post=210915"}],"curies":[{"name":"wp","href":"https:\/\/api.w.org\/{rel}","templated":true}]}}