{"id":210917,"date":"2025-06-28T12:44:08","date_gmt":"2025-06-28T12:44:08","guid":{"rendered":"https:\/\/www.europesays.com\/fr\/210917\/"},"modified":"2025-06-28T12:44:08","modified_gmt":"2025-06-28T12:44:08","slug":"le-vrdr-annonce-sa-septieme-recrue-laustralien-tom-ross-rejoint-les-damiers-pour-deux-saisons","status":"publish","type":"post","link":"https:\/\/www.europesays.com\/fr\/210917\/","title":{"rendered":"Le VRDR annonce sa septi\u00e8me recrue\u00a0: l\u2019Australien Tom Ross rejoint les Damiers pour deux saisons"},"content":{"rendered":"<p>Pilier droit de 27 ans, Tom Ross, pass\u00e9 par les Waratahs et les Brumbies, renforce l\u2019effectif du Valence Romans Dr\u00f4me Rugby. Il arrive du Stade Ni\u00e7ois apr\u00e8s une saison solide en Pro D2.<\/p>\n<p>Les Damiers officialisent l\u2019arriv\u00e9e d\u2019un renfort de poids en premi\u00e8re ligne. <strong>Tom Ross, pilier droit australien<\/strong> de 1,81 m pour 124 kg, s\u2019engage avec le VRDR pour deux saisons. \u00c2g\u00e9 de 27 ans, il a d\u00e9j\u00e0 \u00e0 son actif une quarantaine de matchs dans le championnat de Super Rugby avec les NSW Waratahs et les ACT Brumbies, deux grandes \u00e9curies australiennes.<\/p>\n<p>Il sort d\u2019une premi\u00e8re saison europ\u00e9enne aboutie avec le Stade Ni\u00e7ois, o\u00f9 il a disput\u00e9 21 matchs en Pro D2. Une premi\u00e8re \u00e9tape r\u00e9ussie pour celui que le staff d\u00e9crit comme \u00ab\u00a0un joueur complet qui brille surtout par sa r\u00e9gularit\u00e9 dans ses performances et son \u00e9tat d\u2019esprit au quotidien, sur et en dehors du terrain\u00a0\u00bb. Le club dr\u00f4mois esp\u00e8re d\u00e9sormais s\u2019appuyer sur son exp\u00e9rience et sa puissance <strong>pour densifier sa m\u00eal\u00e9e.<\/strong><\/p>\n<p>\u00c0 lire aussi   <img decoding=\"async\" src=\"https:\/\/www.europesays.com\/fr\/wp-content\/uploads\/2025\/06\/560x315_sc_500794152-1312264537566809-1910965892806499421-n.jpg\" alt=\"L'ailier fidjien est la cinqui\u00e8me recrue annonc\u00e9e par le VRDR cette intersaison\" style=\"--_image-preview:url('data:image\/jpeg;base64,\/9j\/2wBDACgcHiMeGSgjISMtKygwPGRBPDc3PHtYXUlkkYCZlo+AjIqgtObDoKrarYqMyP\/L2u71\/\/\/\/m8H\/\/\/\/6\/+b9\/\/j\/2wBDASstLTw1PHZBQXb4pYyl+Pj4+Pj4+Pj4+Pj4+Pj4+Pj4+Pj4+Pj4+Pj4+Pj4+Pj4+Pj4+Pj4+Pj4+Pj4+Pj4+Pj\/wAARCAAXACoDASIAAhEBAxEB\/8QAGAAAAwEBAAAAAAAAAAAAAAAAAAIDAQT\/xAAXEAEBAQEAAAAAAAAAAAAAAAAAAQIR\/8QAFgEBAQEAAAAAAAAAAAAAAAAAAAEC\/8QAFhEBAQEAAAAAAAAAAAAAAAAAAAER\/9oADAMBAAIRAxEAPwDmwrEc1WUU8aWUdMNLpNTSYJ5qk0AsKaab0BpllpOgMq\/\/2Q==');\" loading=\"lazy\" fetchpriority=\"low\" aria-hidden=\"true\" class=\"svelte-1pnmlwx rounded\" onload=\"this.__e=event\" onerror=\"this.__e=event\"\/><\/p>\n","protected":false},"excerpt":{"rendered":"Pilier droit de 27 ans, Tom Ross, pass\u00e9 par les Waratahs et les Brumbies, renforce l\u2019effectif du Valence&hellip;\n","protected":false},"author":2,"featured_media":210918,"comment_status":"","ping_status":"","sticky":false,"template":"","format":"standard","meta":{"footnotes":""},"categories":[1416],"tags":[1011,27,479,1468,60],"class_list":{"0":"post-210917","1":"post","2":"type-post","3":"status-publish","4":"format-standard","5":"has-post-thumbnail","7":"category-rugby","8":"tag-fr","9":"tag-france","10":"tag-rugby","11":"tag-rugby-football","12":"tag-sports"},"share_on_mastodon":{"url":"","error":""},"_links":{"self":[{"href":"https:\/\/www.europesays.com\/fr\/wp-json\/wp\/v2\/posts\/210917","targetHints":{"allow":["GET"]}}],"collection":[{"href":"https:\/\/www.europesays.com\/fr\/wp-json\/wp\/v2\/posts"}],"about":[{"href":"https:\/\/www.europesays.com\/fr\/wp-json\/wp\/v2\/types\/post"}],"author":[{"embeddable":true,"href":"https:\/\/www.europesays.com\/fr\/wp-json\/wp\/v2\/users\/2"}],"replies":[{"embeddable":true,"href":"https:\/\/www.europesays.com\/fr\/wp-json\/wp\/v2\/comments?post=210917"}],"version-history":[{"count":0,"href":"https:\/\/www.europesays.com\/fr\/wp-json\/wp\/v2\/posts\/210917\/revisions"}],"wp:featuredmedia":[{"embeddable":true,"href":"https:\/\/www.europesays.com\/fr\/wp-json\/wp\/v2\/media\/210918"}],"wp:attachment":[{"href":"https:\/\/www.europesays.com\/fr\/wp-json\/wp\/v2\/media?parent=210917"}],"wp:term":[{"taxonomy":"category","embeddable":true,"href":"https:\/\/www.europesays.com\/fr\/wp-json\/wp\/v2\/categories?post=210917"},{"taxonomy":"post_tag","embeddable":true,"href":"https:\/\/www.europesays.com\/fr\/wp-json\/wp\/v2\/tags?post=210917"}],"curies":[{"name":"wp","href":"https:\/\/api.w.org\/{rel}","templated":true}]}}