{"id":210919,"date":"2025-06-28T12:45:11","date_gmt":"2025-06-28T12:45:11","guid":{"rendered":"https:\/\/www.europesays.com\/fr\/210919\/"},"modified":"2025-06-28T12:45:11","modified_gmt":"2025-06-28T12:45:11","slug":"wimbledon-tsitsipas-sur-ivanisevic-son-nouveau-coach-goran-est-tres-dur-avec-moi-nimporte-quel-autre-joueur-aurait-probablement-panique-et-se-serait-demande-comment-il-pouvait-me-parler-de-la","status":"publish","type":"post","link":"https:\/\/www.europesays.com\/fr\/210919\/","title":{"rendered":"Wimbledon > Tsitsipas sur Ivanisevic, son nouveau coach : \u00ab\u00a0Goran est tr\u00e8s dur avec moi. N&rsquo;importe quel autre joueur aurait probablement paniqu\u00e9 et se serait demand\u00e9 comment il pouvait me parler de la sorte. Mais j&rsquo;ai besoin de \u00e7a\u00a0\u00bb"},"content":{"rendered":"<p>Et si Stefanos Tsitsipas avait pris la d\u00e9ci\u00adsion la plus impor\u00adtante de sa carri\u00e8re en embau\u00adchant Goran Ivanisevic comme entra\u00eeneur\u202f?<\/p>\n<p>Si les effets de cette colla\u00adbo\u00adra\u00adtion tr\u00e8s r\u00e9cente ne se sont pas encore fait sentir en termes de r\u00e9sul\u00adtats, le Grec s\u2019est exprim\u00e9 avec enthou\u00adsiasme \u00e0 ce sujet dans les colonnes de l\u2019<a href=\"https:\/\/www.express.co.uk\/sport\/tennis\/2074446\/Stefanos-Tsitsipas-Goran-Ivansevic-coach\" data-wpel-link=\"external\" target=\"_blank\" rel=\"nofollow external noopener\">Express<\/a> avant son entr\u00e9e en lice \u00e0 Wimbledon o\u00f9 il sera oppos\u00e9 au Fran\u00e7ais Royer.\u00a0<\/p>\n<p><strong>\u00ab\u202fJe suis \u00e0 un stade de ma vie et de ma carri\u00e8re o\u00f9 je veux quelque chose de rafra\u00ee\u00adchis\u00adsant, je veux quelque chose de nouveau, je veux quelque chose d\u2019ex\u00adci\u00adtant, je veux quelque chose qui ait un langage diff\u00e9\u00adrent, un langage diff\u00e9\u00adrent programm\u00e9. Un langage de v\u00e9rit\u00e9, d\u2019hon\u00adn\u00ea\u00adtet\u00e9, et m\u00eame, vous savez quoi\u202f? Je dirais que Goran est strict avec moi et qu\u2019il est tr\u00e8s dur avec moi. N\u2019importe quel autre joueur aurait proba\u00adble\u00adment paniqu\u00e9 et se serait demand\u00e9 comment il pouvait me parler de la sorte. Vous voyez\u202f? Il s\u2019agit d\u2019une ques\u00adtion person\u00adnelle\u202f? Mais j\u2019ai besoin de \u00e7a, parce que j\u2019ai besoin de la v\u00e9rit\u00e9, et j\u2019ai besoin de quel\u00adqu\u2019un qui soit dur avec moi. Et je pense que c\u2019est la base sur laquelle je vais construire, et c\u2019est la base que je sais, \u00e9videm\u00adment il me respecte, mais c\u2019est la fa\u00e7on, l\u2019ex\u00e9\u00adcu\u00adtion dont j\u2019ai besoin pour me mettre au travail et montrer le vrai Stefanos qui a manqu\u00e9 ces deux derni\u00e8res ann\u00e9es.\u202f\u00bb<\/strong><\/p>\n<p class=\"post-published-date\" style=\"color: silver; font-size: 75%; text-align: left;\">Publi\u00e9 le samedi 28 juin 2025 \u00e0 13:13<\/p>\n","protected":false},"excerpt":{"rendered":"Et si Stefanos Tsitsipas avait pris la d\u00e9ci\u00adsion la plus impor\u00adtante de sa carri\u00e8re en embau\u00adchant Goran Ivanisevic&hellip;\n","protected":false},"author":2,"featured_media":210920,"comment_status":"","ping_status":"","sticky":false,"template":"","format":"standard","meta":{"footnotes":""},"categories":[1415],"tags":[1011,27,60,1467,5443],"class_list":{"0":"post-210919","1":"post","2":"type-post","3":"status-publish","4":"format-standard","5":"has-post-thumbnail","7":"category-tennis","8":"tag-fr","9":"tag-france","10":"tag-sports","11":"tag-tennis","12":"tag-tsitsipas"},"share_on_mastodon":{"url":"","error":""},"_links":{"self":[{"href":"https:\/\/www.europesays.com\/fr\/wp-json\/wp\/v2\/posts\/210919","targetHints":{"allow":["GET"]}}],"collection":[{"href":"https:\/\/www.europesays.com\/fr\/wp-json\/wp\/v2\/posts"}],"about":[{"href":"https:\/\/www.europesays.com\/fr\/wp-json\/wp\/v2\/types\/post"}],"author":[{"embeddable":true,"href":"https:\/\/www.europesays.com\/fr\/wp-json\/wp\/v2\/users\/2"}],"replies":[{"embeddable":true,"href":"https:\/\/www.europesays.com\/fr\/wp-json\/wp\/v2\/comments?post=210919"}],"version-history":[{"count":0,"href":"https:\/\/www.europesays.com\/fr\/wp-json\/wp\/v2\/posts\/210919\/revisions"}],"wp:featuredmedia":[{"embeddable":true,"href":"https:\/\/www.europesays.com\/fr\/wp-json\/wp\/v2\/media\/210920"}],"wp:attachment":[{"href":"https:\/\/www.europesays.com\/fr\/wp-json\/wp\/v2\/media?parent=210919"}],"wp:term":[{"taxonomy":"category","embeddable":true,"href":"https:\/\/www.europesays.com\/fr\/wp-json\/wp\/v2\/categories?post=210919"},{"taxonomy":"post_tag","embeddable":true,"href":"https:\/\/www.europesays.com\/fr\/wp-json\/wp\/v2\/tags?post=210919"}],"curies":[{"name":"wp","href":"https:\/\/api.w.org\/{rel}","templated":true}]}}