{"id":210958,"date":"2025-06-28T13:06:12","date_gmt":"2025-06-28T13:06:12","guid":{"rendered":"https:\/\/www.europesays.com\/fr\/210958\/"},"modified":"2025-06-28T13:06:12","modified_gmt":"2025-06-28T13:06:12","slug":"asse-les-verts-remettent-les-crampons-operation-reconquete-en-marche","status":"publish","type":"post","link":"https:\/\/www.europesays.com\/fr\/210958\/","title":{"rendered":"ASSE : LES VERTS REMETTENT LES CRAMPONS, OP\u00c9RATION RECONQU\u00caTE EN MARCHE !"},"content":{"rendered":"<p>Direction L\u2019\u00c9trat pour les premi\u00e8res foul\u00e9es de la saison 2025-2026 sous la houlette d\u2019Eirik Horneland. Le technicien norv\u00e9gien a pu d\u00e9couvrir ses ouailles dans un cadre de travail encore intimiste, avec un groupe volontairement restreint pour d\u00e9buter cette phase cruciale de reconstruction.<\/p>\n<p>Apr\u00e8s la douloureuse descente en Ligue 2, l\u2019\u00e9tat-major st\u00e9phanois a opt\u00e9 pour une approche mesur\u00e9e lors de cette premi\u00e8re semaine. Entre sessions de course, exercices techniques et bases tactiques, les joueurs ont repris contact avec l\u2019effort de mani\u00e8re graduelle. Philippe Djo Petitjean, responsable de la pr\u00e9paration physique, a organis\u00e9 un test d\u2019\u00e9valuation sur 1500 m\u00e8tres pour jauger la condition de chacun et d\u00e9terminer les priorit\u00e9s individuelles.<\/p>\n<p>Le pr\u00e9parateur explique sa d\u00e9marche : la volont\u00e9 n\u2019est pas de reproduire les s\u00e9ances de VMA classiques, mais plut\u00f4t de privil\u00e9gier des efforts ax\u00e9s sur la vitesse, en coh\u00e9rence avec la philosophie de jeu que souhaite implanter le nouveau staff technique.<\/p>\n<p>Retour des forces vives<\/p>\n<p>L\u2019effectif s\u2019est consid\u00e9rablement renforc\u00e9 avec l\u2019arriv\u00e9e de plusieurs \u00e9l\u00e9ments cl\u00e9s. Ben Old, Dylan Batubinsika, Djylian N\u2019Guessan, Nadir El Jamali, Paul Eymard et Lucas Stassin ont ralli\u00e9 le groupe d\u2019entra\u00eenement, offrant plus de possibilit\u00e9s tactiques \u00e0 Horneland.<\/p>\n<p>La pr\u00e9sence de Stassin, r\u00e9f\u00e9rence offensive du club, constitue un signal fort, d\u2019autant que l\u2019attaquant sort d\u2019une intervention chirurgicale \u00e0 la cheville. Ben Old, tout juste remis de ses p\u00e9pins physiques, apporte \u00e9galement son exp\u00e9rience pr\u00e9cieuse. Du c\u00f4t\u00e9 des jeunes pousses, El Jamali et Eymard repr\u00e9sentent l\u2019avenir \u00e0 polir.<\/p>\n<p>Cap sur la montagne pour intensifier<\/p>\n<p>Le programme pr\u00e9voit un d\u00e9placement au Chambon-sur-Lignon d\u00e8s dimanche, destination traditionnelle des stages estivaux st\u00e9phanois. Cette escapade en altitude permettra d\u2019acc\u00e9l\u00e9rer la cadence d\u2019entra\u00eenement tout en favorisant la coh\u00e9sion collective.<\/p>\n<p>Le s\u00e9jour comprendra notamment une confrontation amicale face \u00e0 Carouge, formation \u00e9voluant en deuxi\u00e8me division suisse. Une premi\u00e8re pour tester les automatismes naissants et observer les premi\u00e8res applications concr\u00e8tes des consignes norv\u00e9giennes.<\/p>\n<p>Les premiers \u00e9chos du vestiaire<\/p>\n<p>Les impressions des joueurs refl\u00e8tent un m\u00e9lange de fatigue logique et d\u2019enthousiasme retrouv\u00e9. Lucas Stassin se montre prudent mais optimiste concernant son retour : sa convalescence post-op\u00e9ratoire se d\u00e9roule favorablement et il retrouve progressivement ses sensations balle au pied.<\/p>\n<p>Maxime Bernauer souligne la n\u00e9cessit\u00e9 de cette reprise pr\u00e9coce malgr\u00e9 les conditions m\u00e9t\u00e9orologiques difficiles, conscient que les sept semaines et demie de pr\u00e9paration seront d\u00e9terminantes. Dennis Appiah, quant \u00e0 lui, n\u2019a pas cach\u00e9 la difficult\u00e9 du test initial mais reste confiant pour la suite du programme.<\/p>\n<p>Cette reprise marque symboliquement le d\u00e9but d\u2019un nouveau chapitre pour les Verts. Horneland dispose d\u00e9sormais d\u2019un groupe plus \u00e9toff\u00e9 pour d\u00e9velopper ses id\u00e9es et b\u00e2tir une \u00e9quipe capable de retrouver l\u2019\u00e9lite. Entre tradition st\u00e9phanoise et m\u00e9thodes scandinaves, l\u2019alchimie devra rapidement prendre pour esp\u00e9rer une remont\u00e9e imm\u00e9diate.<\/p>\n","protected":false},"excerpt":{"rendered":"Direction L\u2019\u00c9trat pour les premi\u00e8res foul\u00e9es de la saison 2025-2026 sous la houlette d\u2019Eirik Horneland. Le technicien norv\u00e9gien&hellip;\n","protected":false},"author":2,"featured_media":210959,"comment_status":"","ping_status":"","sticky":false,"template":"","format":"standard","meta":{"footnotes":""},"categories":[9653],"tags":[1111,11,461,2430,1777,674,2257,1011,27,3367,12,25,4001,517],"class_list":{"0":"post-210958","1":"post","2":"type-post","3":"status-publish","4":"format-standard","5":"has-post-thumbnail","7":"category-saint-etienne","8":"tag-actu","9":"tag-actualites","10":"tag-asse","11":"tag-auvergne-rhone-alpes","12":"tag-eu","13":"tag-europe","14":"tag-foot","15":"tag-fr","16":"tag-france","17":"tag-loire","18":"tag-news","19":"tag-republique-francaise","20":"tag-saint-etienne","21":"tag-sport"},"share_on_mastodon":{"url":"","error":""},"_links":{"self":[{"href":"https:\/\/www.europesays.com\/fr\/wp-json\/wp\/v2\/posts\/210958","targetHints":{"allow":["GET"]}}],"collection":[{"href":"https:\/\/www.europesays.com\/fr\/wp-json\/wp\/v2\/posts"}],"about":[{"href":"https:\/\/www.europesays.com\/fr\/wp-json\/wp\/v2\/types\/post"}],"author":[{"embeddable":true,"href":"https:\/\/www.europesays.com\/fr\/wp-json\/wp\/v2\/users\/2"}],"replies":[{"embeddable":true,"href":"https:\/\/www.europesays.com\/fr\/wp-json\/wp\/v2\/comments?post=210958"}],"version-history":[{"count":0,"href":"https:\/\/www.europesays.com\/fr\/wp-json\/wp\/v2\/posts\/210958\/revisions"}],"wp:featuredmedia":[{"embeddable":true,"href":"https:\/\/www.europesays.com\/fr\/wp-json\/wp\/v2\/media\/210959"}],"wp:attachment":[{"href":"https:\/\/www.europesays.com\/fr\/wp-json\/wp\/v2\/media?parent=210958"}],"wp:term":[{"taxonomy":"category","embeddable":true,"href":"https:\/\/www.europesays.com\/fr\/wp-json\/wp\/v2\/categories?post=210958"},{"taxonomy":"post_tag","embeddable":true,"href":"https:\/\/www.europesays.com\/fr\/wp-json\/wp\/v2\/tags?post=210958"}],"curies":[{"name":"wp","href":"https:\/\/api.w.org\/{rel}","templated":true}]}}