{"id":210966,"date":"2025-06-28T13:10:11","date_gmt":"2025-06-28T13:10:11","guid":{"rendered":"https:\/\/www.europesays.com\/fr\/210966\/"},"modified":"2025-06-28T13:10:11","modified_gmt":"2025-06-28T13:10:11","slug":"une-fusillade-a-nimes-fait-huit-blesses-dont-un-grave","status":"publish","type":"post","link":"https:\/\/www.europesays.com\/fr\/210966\/","title":{"rendered":"Une fusillade \u00e0 N\u00eemes\u00a0fait huit bless\u00e9s, dont un grave"},"content":{"rendered":"<p>Une <a href=\"https:\/\/www.ouest-france.fr\/faits-divers\/fusillade\/\" target=\"_self\" rel=\"noopener\">fusillade<\/a> a \u00e9clat\u00e9 vendredi 27\u00a0juin 2025 en fin de journ\u00e9e dans un quartier sensible de l\u2019ouest de <a href=\"https:\/\/www.ouest-france.fr\/region-occitanie\/nimes-30000\/\" target=\"_self\" rel=\"noopener\">N\u00eemes<\/a> (<a href=\"https:\/\/www.ouest-france.fr\/region-occitanie\/gard\/\" target=\"_self\" rel=\"noopener\">Gard<\/a>), faisant, premi\u00e8rement, six bless\u00e9s, dont l\u2019un avec un pronostic vital \u00ab\u00a0un temps\u00a0\u00bb engag\u00e9, a indiqu\u00e9 le parquet, pr\u00e9cisant que les constatations \u00e9taient <strong>\u00ab\u00a0en cours\u00a0\u00bb<\/strong>. Selon un nouveau bilan de sources polici\u00e8res, une autre victime a \u00e9t\u00e9 recens\u00e9e plus tard dans la nuit, tandis qu\u2019une huiti\u00e8me\u00a0s\u2019est pr\u00e9sent\u00e9e d\u2019elle-m\u00eame \u00e0 l\u2019h\u00f4pital <strong>\u00ab\u00a0avec des \u00e9clats dans le dos\u00a0\u00bb,<\/strong> ont ajout\u00e9 ces sources.<\/p>\n<p>Une possible rivalit\u00e9 entre quartiers<\/p>\n<p>Les faits se sont produits vers 19\u00a0h\u00a015 dans le quartier populaire de Valdegour, voisin de celui de Pissevin, gangren\u00e9 par le trafic de stup\u00e9fiants, selon une source polici\u00e8re, qui a pr\u00e9cis\u00e9 que les auteurs \u00e9taient en fuite.<\/p>\n<p>D\u2019apr\u00e8s les premiers \u00e9l\u00e9ments recueillis, trois personnes en provenance du quartier de Pissevin ont ouvert le feu avant de s\u2019enfuir \u00e0 bord de deux v\u00e9hicules. Une vingtaine d\u2019\u00e9tuis de calibre.222\u00a0Remington, plut\u00f4t utilis\u00e9 pour le tir sportif ou la chasse, ont \u00e9t\u00e9 retrouv\u00e9s sur place.<\/p>\n<p>La fusillade, qui s\u2019est produite sur une place entour\u00e9e de barres d\u2019immeubles a eu lieu sur fond de trafic de stup\u00e9fiants et pourrait selon de premiers \u00e9l\u00e9ments d\u00e9couler d\u2019une rivalit\u00e9 entre quartiers.<strong> \u00ab\u00a0Ce ne sont pas des gens d\u2019ici (de la Zup Nord, NDLR), ce sont des gens d\u2019en bas, de la Zup Sud [\u2026] qui font \u00e7a. Ils ont toujours fait \u00e7a, et ils continueront toujours tant que la loi ne fait pas son travail\u00a0\u00bb<\/strong>, a r\u00e9agi samedi matin un habitant du quartier, qui n\u2019a pas souhait\u00e9 donner son nom mais seulement son \u00e2ge, 28\u00a0ans.\u00a0Probables stigmates de la fusillade, des traces de sang \u00e9taient encore visibles ce samedi, de m\u00eame qu\u2019un impact de balle sur un poteau, a constat\u00e9 une journaliste de l\u2019AFP.<\/p>\n<p>Circonstances floues<\/p>\n<p>Ce quartier est <strong>\u00ab\u00a0cartographi\u00e9 comme \u00e9tant un point de deal\u00a0\u00bb<\/strong>, a relev\u00e9 aupr\u00e8s de l\u2019AFP Nathalie Welt\u00e9, procureure adjointe de N\u00eemes.<\/p>\n<p><strong>\u00ab\u00a0\u00c0 ce stade, nous ne pouvons pas dire si les victimes \u00e9taient directement vis\u00e9es par les tirs, ni conna\u00eetre l\u2019exactitude des \u00e9changes de tirs. Les constatations sont en cours\u00a0\u00bb<\/strong>, a-t-elle ajout\u00e9.<\/p>\n<p>L\u2019enqu\u00eate est men\u00e9e conjointement par les services de police de l\u2019H\u00e9rault et du Gard.<\/p>\n<p>\u00a0<\/p>\n","protected":false},"excerpt":{"rendered":"Une fusillade a \u00e9clat\u00e9 vendredi 27\u00a0juin 2025 en fin de journ\u00e9e dans un quartier sensible de l\u2019ouest de&hellip;\n","protected":false},"author":2,"featured_media":210967,"comment_status":"","ping_status":"","sticky":false,"template":"","format":"standard","meta":{"footnotes":""},"categories":[9619],"tags":[1111,11,4901,1777,674,21,1011,27,3832,16871,12,2682,882,25,2310],"class_list":{"0":"post-210966","1":"post","2":"type-post","3":"status-publish","4":"format-standard","5":"has-post-thumbnail","7":"category-toulon","8":"tag-actu","9":"tag-actualites","10":"tag-blesses","11":"tag-eu","12":"tag-europe","13":"tag-fait","14":"tag-fr","15":"tag-france","16":"tag-fusillade","17":"tag-grave","18":"tag-news","19":"tag-nimes","20":"tag-provence-alpes-cote-dazur","21":"tag-republique-francaise","22":"tag-toulon"},"share_on_mastodon":{"url":"","error":""},"_links":{"self":[{"href":"https:\/\/www.europesays.com\/fr\/wp-json\/wp\/v2\/posts\/210966","targetHints":{"allow":["GET"]}}],"collection":[{"href":"https:\/\/www.europesays.com\/fr\/wp-json\/wp\/v2\/posts"}],"about":[{"href":"https:\/\/www.europesays.com\/fr\/wp-json\/wp\/v2\/types\/post"}],"author":[{"embeddable":true,"href":"https:\/\/www.europesays.com\/fr\/wp-json\/wp\/v2\/users\/2"}],"replies":[{"embeddable":true,"href":"https:\/\/www.europesays.com\/fr\/wp-json\/wp\/v2\/comments?post=210966"}],"version-history":[{"count":0,"href":"https:\/\/www.europesays.com\/fr\/wp-json\/wp\/v2\/posts\/210966\/revisions"}],"wp:featuredmedia":[{"embeddable":true,"href":"https:\/\/www.europesays.com\/fr\/wp-json\/wp\/v2\/media\/210967"}],"wp:attachment":[{"href":"https:\/\/www.europesays.com\/fr\/wp-json\/wp\/v2\/media?parent=210966"}],"wp:term":[{"taxonomy":"category","embeddable":true,"href":"https:\/\/www.europesays.com\/fr\/wp-json\/wp\/v2\/categories?post=210966"},{"taxonomy":"post_tag","embeddable":true,"href":"https:\/\/www.europesays.com\/fr\/wp-json\/wp\/v2\/tags?post=210966"}],"curies":[{"name":"wp","href":"https:\/\/api.w.org\/{rel}","templated":true}]}}