{"id":210970,"date":"2025-06-28T13:12:27","date_gmt":"2025-06-28T13:12:27","guid":{"rendered":"https:\/\/www.europesays.com\/fr\/210970\/"},"modified":"2025-06-28T13:12:27","modified_gmt":"2025-06-28T13:12:27","slug":"jusqua-40-c-a-montpellier-ou-va-t-il-faire-le-plus-chaud-ce-samedi-en-france-2","status":"publish","type":"post","link":"https:\/\/www.europesays.com\/fr\/210970\/","title":{"rendered":"Jusqu\u2019\u00e0 40\u00a0\u00b0C \u00e0 Montpellier\u2026 O\u00f9 va-t-il faire le plus chaud ce samedi en France\u00a0?"},"content":{"rendered":"<p>La vague de chaleur se poursuit ce samedi 28\u00a0juin sur une partie de la France pour la deuxi\u00e8me journ\u00e9e cons\u00e9cutive.<a href=\"https:\/\/rennes.maville.com\/actu\/actudet_-vague-de-chaleur-14-departements-en-vigilance-orange-canicule-des-temperatures-proches-de-40-c-_45536-6875786_actu.Htm\" target=\"_self\" rel=\"noopener\"> Quatorze d\u00e9partements ont \u00e9t\u00e9 plac\u00e9s en vigilance orange canicule par M\u00e9t\u00e9o France.<\/a><\/p>\n<p>La temp\u00e9rature devrait monter sur tout le territoire, la vague s\u2019\u00e9tendant\u00a0vers le nord jusqu\u2019\u00e0 la Bretagne du sud, le Grand-Est et l\u2019\u00cele-de-France. Mais c\u2019est dans la partie sud, et notamment autour de la M\u00e9diterran\u00e9e, que les plus fortes chaleurs sont attendues.<\/p>\n<p>Des pointes jusqu\u2019\u00e0 40\u00a0\u00b0C<\/p>\n<p>Des pointes allant jusqu\u2019\u00e0 40\u00a0\u00b0C sont attendues\u00a0dans l\u2019int\u00e9rieur du Languedoc et du Roussillon, notamment \u00e0 Montpellier, la ville o\u00f9 il devrait faire le plus chaud aujourd\u2019hui. Jusqu\u2019\u00e0 36\u00a0\u00b0C sont attendus \u00e0 Mont\u00e9limar, 36\u00a0\u00b0C \u00e0 Lyon et Vichy, 34\u00a0\u00b0C \u00e0 Marseille et 32\u00a0\u00b0C \u00e0 Nice.<\/p>\n<p>Dans le Sud-Ouest, il fera entre 36 et 37\u00a0\u00b0C avec notamment 35\u00a0\u00b0C \u00e0 Toulouse et Bordeaux et 33\u00a0\u00b0C \u00e0 Tarbes.<\/p>\n<p>Dans le nord du pays, seules les c\u00f4tes bretonnes et normandes devraient \u00eatre \u00e9pargn\u00e9es. M\u00e9t\u00e9o France annonce jusqu\u2019\u00e0 33\u00a0\u00b0C \u00e0 Tours, 32\u00a0\u00b0C \u00e0 Rennes et Alen\u00e7on, 29\u00a0\u00b0C \u00e0 Rouen. 31\u00a0\u00b0C sont attendus \u00e0 Paris et Reims, 34\u00a0\u00b0C \u00e0 Auxerre, 33\u00a0\u00b0C \u00e0 Strasbourg.<\/p>\n<p>53\u00a0d\u00e9partements en vigilance orange dimanche<\/p>\n<p>La situation ne va pas s\u2019am\u00e9liorer dimanche avec cinquante-trois d\u00e9partements plac\u00e9s en vigilance orange.\u00a0Dimanche et lundi, le thermom\u00e8tre affichera 35\u00a0\u00b0C au moins sur les deux tiers du pays avec des temp\u00e9ratures qui ne descendront pas sous les 20\u00a0\u00b0C la nuit.<\/p>\n<blockquote class=\"bluesky-embed\" data-bluesky-uri=\"at:\/\/did:plc:fpscczi35ndvk3zwrsrrpfh6\/app.bsky.feed.post\/3lsnj2nchus2x\" data-bluesky-cid=\"bafyreihpk7ajd726owdawakf3fd5xmzdfqai5wtdhv6tdbgvw32dxqe2ce\" data-bluesky-embed-color-mode=\"system\" wp_automatic_readability=\"6.8089887640449\">\n<p lang=\"fr\">?? #VigilanceOrange #Canicule en cours sur 14 d\u00e9partements Dimanche, les tr\u00e8s fortes chaleurs s&rsquo;\u00e9tendent et 53 d\u00e9partements passent en #VigilanceOrange #canicule. Pendant les fortes chaleurs. Prot\u00e9gez-vous. ?? ?? Restez prudents et restez inform\u00e9s vigilance.meteofrance.fr\/fr<\/p>\n<p><a href=\"https:\/\/bsky.app\/profile\/did:plc:fpscczi35ndvk3zwrsrrpfh6\/post\/3lsnj2nchus2x?ref_src=embed\" target=\"_blank\" rel=\"noopener\">[image or embed]<\/a><\/p>\n<p>\u2014 M\u00e9t\u00e9o-France (<a href=\"https:\/\/bsky.app\/profile\/did:plc:fpscczi35ndvk3zwrsrrpfh6?ref_src=embed\" target=\"_blank\" rel=\"noopener\">@meteofrance.com<\/a>) <a href=\"https:\/\/bsky.app\/profile\/did:plc:fpscczi35ndvk3zwrsrrpfh6\/post\/3lsnj2nchus2x?ref_src=embed\" target=\"_blank\" rel=\"noopener\">28 juin 2025 \u00e0 08:18<\/a><\/p><\/blockquote>\n<p>Les conditions sont actuellement propices aux fortes chaleurs.<strong> \u00ab\u00a0Les couches superficielles au niveau du sol sont tr\u00e8s s\u00e8ches, et la dorsale d\u2019altitude (zone \u00e9tendue de hautes pressions) qui part du Maghreb et remonte sur la France permettra de retrouver des conditions anticycloniques\u00a0\u00bb,<\/strong>\u00a0<a href=\"https:\/\/rennes.maville.com\/actu\/actudet_-40-c-a-paris-41-c-a-bourges...-une-nouvelle-vague-de-chaleur-attendue-en-france-des-ce-week-end-_54135-6872750_actu.Htm\" target=\"_self\" rel=\"noopener\">d\u00e9taille aupr\u00e8s de Ouest-France\u00a0Yann Amice, m\u00e9t\u00e9orologue pour Weather\u2019n\u2019Co.<\/a><\/p>\n<p>Un lundi record en vue<\/p>\n<p>C\u2019est surtout la journ\u00e9e de lundi qu\u2019il faudra surveiller. <a href=\"https:\/\/actualite.lachainemeteo.com\/actualite-meteo\/2025-06-25\/vers-une-canicule-historique-entre-ce-week-end-et-mercredi-prochain-79251\" target=\"_blank\" rel=\"noopener\">Selon <\/a>  <a href=\"https:\/\/actualite.lachainemeteo.com\/actualite-meteo\/2025-06-25\/vers-une-canicule-historique-entre-ce-week-end-et-mercredi-prochain-79251\" target=\"_blank\" rel=\"noopener\">La Cha\u00eene m\u00e9t\u00e9o<\/a>, il pourrait s\u2019agir de <strong>\u00ab\u00a0la journ\u00e9e de juin la plus chaude jamais enregistr\u00e9e en France\u00a0\u00bb,<\/strong> record qui remonte pour l\u2019heure au 28\u00a0juin 2019.<\/p>\n<p>L\u2019\u00e9pisode de chaleur prendra fin le mercredi 2\u00a0juillet, avec \u00ab <strong>un petit thalweg (zone de basses pressions) qui favorisera l\u2019\u00e9mergence d\u2019un \u00e9pisode instable\u00a0\u00bb,<\/strong> ajoute Yann Amice. En attendant, possiblement, un nouvel \u00e9pisode de chaleur d\u2019ici \u00e0 la mi-juillet.<\/p>\n<p>\u00a0<\/p>\n","protected":false},"excerpt":{"rendered":"La vague de chaleur se poursuit ce samedi 28\u00a0juin sur une partie de la France pour la deuxi\u00e8me&hellip;\n","protected":false},"author":2,"featured_media":210724,"comment_status":"","ping_status":"","sticky":false,"template":"","format":"standard","meta":{"footnotes":""},"categories":[9599],"tags":[11015,5058,1111,11,6100,1777,674,4560,1011,27,2867,2208,12,2680,3086,25,3982,34445],"class_list":{"0":"post-210970","1":"post","2":"type-post","3":"status-publish","4":"format-standard","5":"has-post-thumbnail","7":"category-montpellier","8":"tag-c","9":"tag-5058","10":"tag-actu","11":"tag-actualites","12":"tag-chaud","13":"tag-eu","14":"tag-europe","15":"tag-faire","16":"tag-fr","17":"tag-france","18":"tag-jusqu","19":"tag-montpellier","20":"tag-news","21":"tag-occitanie","22":"tag-redon","23":"tag-republique-francaise","24":"tag-samedi","25":"tag-va-t-il"},"share_on_mastodon":{"url":"","error":""},"_links":{"self":[{"href":"https:\/\/www.europesays.com\/fr\/wp-json\/wp\/v2\/posts\/210970","targetHints":{"allow":["GET"]}}],"collection":[{"href":"https:\/\/www.europesays.com\/fr\/wp-json\/wp\/v2\/posts"}],"about":[{"href":"https:\/\/www.europesays.com\/fr\/wp-json\/wp\/v2\/types\/post"}],"author":[{"embeddable":true,"href":"https:\/\/www.europesays.com\/fr\/wp-json\/wp\/v2\/users\/2"}],"replies":[{"embeddable":true,"href":"https:\/\/www.europesays.com\/fr\/wp-json\/wp\/v2\/comments?post=210970"}],"version-history":[{"count":0,"href":"https:\/\/www.europesays.com\/fr\/wp-json\/wp\/v2\/posts\/210970\/revisions"}],"wp:featuredmedia":[{"embeddable":true,"href":"https:\/\/www.europesays.com\/fr\/wp-json\/wp\/v2\/media\/210724"}],"wp:attachment":[{"href":"https:\/\/www.europesays.com\/fr\/wp-json\/wp\/v2\/media?parent=210970"}],"wp:term":[{"taxonomy":"category","embeddable":true,"href":"https:\/\/www.europesays.com\/fr\/wp-json\/wp\/v2\/categories?post=210970"},{"taxonomy":"post_tag","embeddable":true,"href":"https:\/\/www.europesays.com\/fr\/wp-json\/wp\/v2\/tags?post=210970"}],"curies":[{"name":"wp","href":"https:\/\/api.w.org\/{rel}","templated":true}]}}