{"id":210994,"date":"2025-06-28T13:30:30","date_gmt":"2025-06-28T13:30:30","guid":{"rendered":"https:\/\/www.europesays.com\/fr\/210994\/"},"modified":"2025-06-28T13:30:30","modified_gmt":"2025-06-28T13:30:30","slug":"urban-love-legacy-une-nuit-rnb-entre-heritage-et-vibes-urbaines-a-lurbx-festival","status":"publish","type":"post","link":"https:\/\/www.europesays.com\/fr\/210994\/","title":{"rendered":"Urban Love Legacy : une nuit RnB entre h\u00e9ritage et vibes urbaines \u00e0 l&rsquo;URBX Festival"},"content":{"rendered":"<p data-start=\"739\" data-end=\"1035\">Le vendredi 28 juin, le Flow \u00e0 Roubaix vibrera au rythme du RnB. Une soir\u00e9e plac\u00e9e sous le signe de la musique, de la r\u00e9flexion et de la f\u00eate, propos\u00e9e dans le cadre du festival URBX. L\u2019occasion r\u00eav\u00e9e de mettre en lumi\u00e8re les artistes roubaisiens et les talents \u00e9mergents de la sc\u00e8ne francophone.<\/p>\n<p data-start=\"1037\" data-end=\"1354\">La soir\u00e9e d\u00e9bute \u00e0 18h avec une rencontre-discussion autour du livre Aya Nakamura, dictionnaire critique en pr\u00e9sence de son auteur, <strong data-start=\"1171\" data-end=\"1192\">Isma\u00ebl Mereghetti<\/strong>. Une entr\u00e9e en mati\u00e8re engag\u00e9e et \u00e9clairante pour interroger les repr\u00e9sentations du RnB \u00e0 travers la figure embl\u00e9matique de l\u2019artiste la plus stream\u00e9e de France.<\/p>\n<p data-start=\"1356\" data-end=\"1612\">Puis, place \u00e0 la musique ! C\u00f4t\u00e9 showcases, <strong data-start=\"1399\" data-end=\"1410\">IPNDEGO<\/strong> livrera une performance habit\u00e9e, m\u00ealant puissance vocale et sensibilit\u00e9. L\u2019artiste s\u2019impose comme l\u2019une des r\u00e9v\u00e9lations RnB du moment, avec un univers sonore \u00e0 la crois\u00e9e de la soul et du contemporain.<\/p>\n<p data-start=\"1614\" data-end=\"1825\">La sc\u00e8ne locale n\u2019est pas en reste avec <strong data-start=\"1654\" data-end=\"1678\">Feejoke, Osco, Low-K<\/strong> et <strong data-start=\"1682\" data-end=\"1693\">Hoodini<\/strong>. Entre harmonies n\u00e9o-soul, textes personnels et flow ma\u00eetris\u00e9, ces artistes incarnent l\u2019authenticit\u00e9 et la cr\u00e9ativit\u00e9 roubaisienne.<\/p>\n<p data-start=\"1827\" data-end=\"2132\">En fil rouge de la soir\u00e9e, un DJ set festif et f\u00e9d\u00e9rateur vous fera danser jusqu\u2019au bout de la nuit. Aux platines : <strong data-start=\"1943\" data-end=\"1961\">DJ Goldfingers<\/strong>, l\u00e9gende du hip-hop et du RnB en France, mais aussi <strong data-start=\"2014\" data-end=\"2025\">SSSound<\/strong>, <strong data-start=\"2027\" data-end=\"2036\">Low-K<\/strong> et <strong data-start=\"2040\" data-end=\"2051\">Hoodini<\/strong> pour un voyage musical entre classiques des ann\u00e9es 90 et p\u00e9pites contemporaines.<\/p>\n<p data-start=\"2134\" data-end=\"2233\">Une soir\u00e9e vibrante, accessible et inclusive pour c\u00e9l\u00e9brer toutes les facettes du RnB contemporain.<\/p>\n<p data-start=\"2134\" data-end=\"2233\">\ud83d\udcc5 <strong data-start=\"2610\" data-end=\"2649\">Rendez-vous pendant l\u2019URBX Festival<\/strong>, du <strong data-start=\"2654\" data-end=\"2676\">19 au 29 juin 2025<\/strong> \u00e0 Roubaix. Pour d\u00e9couvrir toute la programmation, c\u2019est par ici : <a class=\"\" href=\"https:\/\/www.urbxfestival.com\" target=\"_new\" rel=\"noopener nofollow\" data-start=\"2743\" data-end=\"2795\">www.urbxfestival.com<\/a><\/p>\n<p class=\"title\">\ud83d\udc49 Plus d\u2019infos sur URBX 2025<\/p>\n<p data-start=\"179\" data-end=\"537\">Pour sa 4e \u00e9dition, <strong data-start=\"199\" data-end=\"216\">URBX Festival<\/strong> investit \u00e0 nouveau Roubaix et la m\u00e9tropole du 19 au 29 juin 2025, avec une programmation toujours plus ambitieuse. Pens\u00e9 comme un grand rendez-vous populaire et cr\u00e9atif, URBX met \u00e0 l\u2019honneur <strong data-start=\"408\" data-end=\"457\">cinq disciplines phares des cultures urbaines<\/strong> : la <strong data-start=\"463\" data-end=\"474\">musique<\/strong>, la <strong data-start=\"479\" data-end=\"488\">danse<\/strong>, la <strong data-start=\"493\" data-end=\"501\">mode<\/strong>, le <strong data-start=\"506\" data-end=\"520\">street art<\/strong> et le <strong data-start=\"527\" data-end=\"536\">sport<\/strong>.<\/p>\n<p data-start=\"804\" data-end=\"948\">Le <strong data-start=\"807\" data-end=\"818\">19 juin<\/strong>, la soir\u00e9e d\u2019ouverture s\u2019annonce intense avec une <strong data-start=\"869\" data-end=\"899\">Carte blanche \u00e0 Heaven Sam<\/strong>, parrain 2025, toujours \u00e0 La Condition Publique.<\/p>\n<p data-start=\"950\" data-end=\"1293\">Au programme pendant dix jours :<br data-start=\"982\" data-end=\"985\"\/>\ud83c\udfb6 Concerts (Soso Maness, Naza, Heaven Sam, Alonzo, Nayra, Ocean Wisdom\u2026)<br data-start=\"1058\" data-end=\"1061\"\/>\ud83d\udd7a Spectacles et workshops de danse (Zarbaht, Dans la Rue la Danse, Pantsula\u2026)<br data-start=\"1139\" data-end=\"1142\"\/>\ud83c\udfa8 Street-art sur les murs et les toits de Roubaix<br data-start=\"1192\" data-end=\"1195\"\/>\ud83d\udc55 D\u00e9fil\u00e9 ESMOD, ateliers Anti_Fashion<br data-start=\"1233\" data-end=\"1236\"\/>\ud83c\udfae E-sport, cin\u00e9ma, expos, afters festifs et Block Party\u2026<\/p>\n<p data-start=\"1295\" data-end=\"1449\">\ud83d\udcc5 <strong data-start=\"1298\" data-end=\"1350\">\u00c0 ne pas manquer : le concert gratuit du 21 juin<\/strong>, jour de la F\u00eate de la musique, avec Soso Maness, Naza et Heaven Sam pour une ambiance survolt\u00e9e !<\/p>\n<p>Suivez les sur Instagram : <a href=\"https:\/\/www.instagram.com\/urbx_festival\" target=\"_blank\" rel=\"noopener nofollow\">@urbx_festival<\/a><\/p>\n<p>Abonnez-vous \u00e0 la Newsletter : <a href=\"https:\/\/www.urbxfestival.com\/\" target=\"_blank\" rel=\"noopener nofollow\">urbxfestival.com<\/a><\/p>\n<p><script async src=\"\/\/www.instagram.com\/embed.js\"><\/script><\/p>\n","protected":false},"excerpt":{"rendered":"Le vendredi 28 juin, le Flow \u00e0 Roubaix vibrera au rythme du RnB. Une soir\u00e9e plac\u00e9e sous le&hellip;\n","protected":false},"author":2,"featured_media":210995,"comment_status":"","ping_status":"","sticky":false,"template":"","format":"standard","meta":{"footnotes":""},"categories":[2815],"tags":[1111,11,1697,1777,674,1011,27,811,1307,12,25,3621,35055,22085],"class_list":{"0":"post-210994","1":"post","2":"type-post","3":"status-publish","4":"format-standard","5":"has-post-thumbnail","7":"category-lille","8":"tag-actu","9":"tag-actualites","10":"tag-concert","11":"tag-eu","12":"tag-europe","13":"tag-fr","14":"tag-france","15":"tag-hauts-de-france","16":"tag-lille","17":"tag-news","18":"tag-republique-francaise","19":"tag-rnb","20":"tag-urban-love-legacy","21":"tag-urbx"},"share_on_mastodon":{"url":"","error":""},"_links":{"self":[{"href":"https:\/\/www.europesays.com\/fr\/wp-json\/wp\/v2\/posts\/210994","targetHints":{"allow":["GET"]}}],"collection":[{"href":"https:\/\/www.europesays.com\/fr\/wp-json\/wp\/v2\/posts"}],"about":[{"href":"https:\/\/www.europesays.com\/fr\/wp-json\/wp\/v2\/types\/post"}],"author":[{"embeddable":true,"href":"https:\/\/www.europesays.com\/fr\/wp-json\/wp\/v2\/users\/2"}],"replies":[{"embeddable":true,"href":"https:\/\/www.europesays.com\/fr\/wp-json\/wp\/v2\/comments?post=210994"}],"version-history":[{"count":0,"href":"https:\/\/www.europesays.com\/fr\/wp-json\/wp\/v2\/posts\/210994\/revisions"}],"wp:featuredmedia":[{"embeddable":true,"href":"https:\/\/www.europesays.com\/fr\/wp-json\/wp\/v2\/media\/210995"}],"wp:attachment":[{"href":"https:\/\/www.europesays.com\/fr\/wp-json\/wp\/v2\/media?parent=210994"}],"wp:term":[{"taxonomy":"category","embeddable":true,"href":"https:\/\/www.europesays.com\/fr\/wp-json\/wp\/v2\/categories?post=210994"},{"taxonomy":"post_tag","embeddable":true,"href":"https:\/\/www.europesays.com\/fr\/wp-json\/wp\/v2\/tags?post=210994"}],"curies":[{"name":"wp","href":"https:\/\/api.w.org\/{rel}","templated":true}]}}