{"id":210998,"date":"2025-06-28T13:32:08","date_gmt":"2025-06-28T13:32:08","guid":{"rendered":"https:\/\/www.europesays.com\/fr\/210998\/"},"modified":"2025-06-28T13:32:08","modified_gmt":"2025-06-28T13:32:08","slug":"5-personnes-mises-en-examen-a-marseille","status":"publish","type":"post","link":"https:\/\/www.europesays.com\/fr\/210998\/","title":{"rendered":"5 personnes mises en examen \u00e0 Marseille"},"content":{"rendered":"<p>Un mort, sept interpellations, cinq mises en examen. L&rsquo;enqu\u00eate sur <a href=\"https:\/\/www.laprovence.com\/article\/faits-divers-justice\/2263679841049615\/un-quinquagenaire-connu-des-autorites-judiciaires-assassine-en-haute-corse\" target=\"_blank\" rel=\"noopener\">l&rsquo;assassinat le 10\u00a0janvier 2025 de Camille Orsoni<\/a> alors qu&rsquo;il circulait sur la route entre Saint-Florent et Oletta, en Haute-Corse, a franchi une \u00e9tape ces derniers jours avec <a href=\"https:\/\/www.corsematin.com\/article\/faits-diversjustice\/6136274615383514\/assassinat-de-camille-orsoni-a-oletta-cinq-personnes-placees-en-detention-provisoire-par-la-justice-a-marseille\" target=\"_blank\" rel=\"noopener\">la mise en examen de cinq personnes par le parquet de Marseille<\/a>, selon un communiqu\u00e9 de ce dernier publi\u00e9.<\/p>\n<p>Camille Orsoni, un pompier de 60 ans, avait \u00e9t\u00e9 abattu au volant par des tirs de kalachnikov. \u00ab\u00a0Connu des autorit\u00e9s judiciaires\u00a0\u00bb, il avait d\u00e9j\u00e0 fait l&rsquo;objet en 2014 d&rsquo;une tentative d&rsquo;assassinat, selon l&rsquo;AFP. Une information judiciaire avait \u00e9t\u00e9 ouverte le 24\u00a0janvier 2025 et confi\u00e9e \u00e0 la Juridiction interr\u00e9gionale sp\u00e9cialis\u00e9e de Marseille.<\/p>\n<p>Cette derni\u00e8re avait men\u00e9 le 23\u00a0juin dernier \u00e0 un coup de filet coordonn\u00e9 entre la Corse et le continent, permettant l&rsquo;interpellation de sept personnes. Cinq d&rsquo;entre elles ont donc \u00e9t\u00e9 d\u00e9f\u00e9r\u00e9es et mises en examen <a href=\"https:\/\/www.laprovence.com\/article\/faits-divers-justice\/15735885315881\/assassinat-de-camille-orsoni-en-haute-corse-7-gardes-a-vue\" target=\"_blank\" rel=\"noopener\">\u00e0 l&rsquo;issue de leur garde \u00e0 vue<\/a>, notamment des chefs d&rsquo;assassinat en bande organis\u00e9e, vol en bande organis\u00e9e avec arme, association de malfaiteur en vue de commettre un crime, d\u00e9tention en et transport d&rsquo;armes et de produits incendiaires\u2026<\/p>\n<p>Quatre d&rsquo;entre eux avaient ce vendredi soir 27\u00a0juin \u00e9t\u00e9 plac\u00e9s en d\u00e9tention provisoire \u00e0 l&rsquo;issue d&rsquo;un d\u00e9bat devant le juge des libert\u00e9s et de la d\u00e9tention. Le parquet a requis la d\u00e9tention provisoire \u00e9galement pour le cinqui\u00e8me.<\/p>\n","protected":false},"excerpt":{"rendered":"Un mort, sept interpellations, cinq mises en examen. L&rsquo;enqu\u00eate sur l&rsquo;assassinat le 10\u00a0janvier 2025 de Camille Orsoni alors&hellip;\n","protected":false},"author":2,"featured_media":210999,"comment_status":"","ping_status":"","sticky":false,"template":"","format":"standard","meta":{"footnotes":""},"categories":[2814],"tags":[17,1111,11,6744,16630,2517,1777,674,5061,274,1011,27,884,5060,12,21838,3744,882,25],"class_list":{"0":"post-210998","1":"post","2":"type-post","3":"status-publish","4":"format-standard","5":"has-post-thumbnail","7":"category-marseille","8":"tag-17","9":"tag-actu","10":"tag-actualites","11":"tag-assassinat","12":"tag-camille","13":"tag-corse","14":"tag-eu","15":"tag-europe","16":"tag-examen","17":"tag-faits-divers-justice","18":"tag-fr","19":"tag-france","20":"tag-marseille","21":"tag-mises","22":"tag-news","23":"tag-orsoni","24":"tag-personnes","25":"tag-provence-alpes-cote-dazur","26":"tag-republique-francaise"},"share_on_mastodon":{"url":"","error":""},"_links":{"self":[{"href":"https:\/\/www.europesays.com\/fr\/wp-json\/wp\/v2\/posts\/210998","targetHints":{"allow":["GET"]}}],"collection":[{"href":"https:\/\/www.europesays.com\/fr\/wp-json\/wp\/v2\/posts"}],"about":[{"href":"https:\/\/www.europesays.com\/fr\/wp-json\/wp\/v2\/types\/post"}],"author":[{"embeddable":true,"href":"https:\/\/www.europesays.com\/fr\/wp-json\/wp\/v2\/users\/2"}],"replies":[{"embeddable":true,"href":"https:\/\/www.europesays.com\/fr\/wp-json\/wp\/v2\/comments?post=210998"}],"version-history":[{"count":0,"href":"https:\/\/www.europesays.com\/fr\/wp-json\/wp\/v2\/posts\/210998\/revisions"}],"wp:featuredmedia":[{"embeddable":true,"href":"https:\/\/www.europesays.com\/fr\/wp-json\/wp\/v2\/media\/210999"}],"wp:attachment":[{"href":"https:\/\/www.europesays.com\/fr\/wp-json\/wp\/v2\/media?parent=210998"}],"wp:term":[{"taxonomy":"category","embeddable":true,"href":"https:\/\/www.europesays.com\/fr\/wp-json\/wp\/v2\/categories?post=210998"},{"taxonomy":"post_tag","embeddable":true,"href":"https:\/\/www.europesays.com\/fr\/wp-json\/wp\/v2\/tags?post=210998"}],"curies":[{"name":"wp","href":"https:\/\/api.w.org\/{rel}","templated":true}]}}