{"id":2110,"date":"2025-04-04T07:14:18","date_gmt":"2025-04-04T07:14:18","guid":{"rendered":"https:\/\/www.europesays.com\/fr\/2110\/"},"modified":"2025-04-04T07:14:18","modified_gmt":"2025-04-04T07:14:18","slug":"les-producteurs-lancent-enfin-le-nouveau-film-007-voici-ce-que-lon-sait","status":"publish","type":"post","link":"https:\/\/www.europesays.com\/fr\/2110\/","title":{"rendered":"les producteurs lancent enfin le nouveau film 007, voici ce que l&rsquo;on sait"},"content":{"rendered":"<p>La machine se met en marche. Apr\u00e8s des ann\u00e9es de r\u00e9flexion, de tensions avec les producteurs historiques Barbara Broccoli et Michael G.Wilson et une <a href=\"https:\/\/www.journaldugeek.com\/2025\/02\/20\/alerte-a-la-bond-007-perd-ses-producteurs-historiques\/\" target=\"_blank\" rel=\"false noopener\">prise de contr\u00f4le totale<\/a> pour Amazon MGM Studios, James Bond 26 est dans les starting-blocks. L\u2019entreprise, qui s\u2019est offert le lion rugissant en 2021, est sur le point d\u2019ouvrir un nouveau chapitre pour le d\u00e9tenteur du matricule 007.<\/p>\n<p>Si l\u2019entreprise est attendue au tournant, <strong>le d\u00e9veloppement a bien commenc\u00e9<\/strong>. Amy Pascal et David Heyman, producteurs des franchises <a href=\"https:\/\/www.journaldugeek.com\/2025\/04\/01\/spider-man-4-a-un-titre-officiel-et-il-y-a-du-changement\/\" target=\"_blank\" rel=\"false noopener\">Spider-Man<\/a> et <a href=\"https:\/\/www.journaldugeek.com\/dossier\/harry-potter-la-serie-est-officielle-date-intrigue-tout-savoir\/\" target=\"_blank\" rel=\"false noopener\">Harry Potter<\/a>, sont d\u00e9sormais \u00e0 la t\u00eate de la licence encore r\u00e9cemment port\u00e9e par Daniel Craig.<\/p>\n<p> \u201cHonorer l\u2019h\u00e9ritage de ce personnage embl\u00e9matique\u201d <\/p>\n<p>Lors de sa conf\u00e9rence au CinemaCon de Las Vegas, la firme fond\u00e9e par Jeff Bezos s\u2019est fendue de<strong> plusieurs annonces<\/strong> concernant le processus cr\u00e9atif. Les responsables du studio, Courtenay Valenti et Sue Kroll, ont promis sur la sc\u00e8ne du Caesars Palace que Pascal et Heyman planchaient sur \u201cun nouveau <strong>chapitre frais et exotique<\/strong> \u00e0 pr\u00e9senter au public du monde entier\u201d. <\/p>\n<p>Elles ont ajout\u00e9 que <strong>les producteurs \u00e9taient tous les deux<\/strong><strong> \u201c\u00e0 Londres<\/strong> pour le <strong>d\u00e9but du tournage<\/strong> et n\u2019ont pas pu \u00eatre pr\u00e9sents ce soir. Mais nous tenons \u00e0 les remercier pour ce qui, selon nous, constitue un partenariat incroyable\u201d. Chez Amazon MGM Studios, on assure avoir pris la mesure de l\u2019importance de 007 pour le panorama cin\u00e9matographique. L\u2019entit\u00e9 s\u2019engage ainsi \u00e0 \u201chonorer l\u2019h\u00e9ritage de ce personnage embl\u00e9matique\u201d.\u00a0<\/p>\n<p> Qui pour jouer 007\u00a0? <\/p>\n<p>C\u2019est la grosse inconnue de cette \u00e9quation qu\u2019Amazon esp\u00e8re gagnante. Depuis le <a href=\"https:\/\/www.journaldugeek.com\/2025\/02\/02\/james-bond-ce-soir-a-la-tv-qui-pour-remplacer-daniel-craig\/\" target=\"_blank\" rel=\"false noopener\">d\u00e9part de Daniel Craig<\/a>, les fans attendent avoir impatience de savoir qui deviendra le nouveau James Bond. Les rumeurs vont bon train, <strong>mais aucun nom<\/strong> n\u2019a \u00e9t\u00e9 donn\u00e9 pour le moment. Selon les derni\u00e8res informations, le choix du studio n\u2019est pas encore arr\u00eat\u00e9. David Heyman et Amy Pascal <strong>travaillent activement sur le sujet.\u00a0<\/strong>Plusieurs acteurs britanniques ont \u00e9t\u00e9 cit\u00e9s au cours des derni\u00e8res ann\u00e9es, sans que l\u2019int\u00e9r\u00eat d\u2019Amazon MGM n\u2019ait \u00e9t\u00e9 confirm\u00e9.<\/p>\n<p>On peut esp\u00e9rer que l\u2019officielle mise en route de James Bond 26 nous permette d\u2019en apprendre plus au cours des prochains mois. Il s\u2019agira sans doute pour Amazon MGM Studios de garder le myst\u00e8re aussi longtemps que possible et <strong>d\u2019officialiser le recrutement d\u2019un nouvel agent au cours d\u2019un \u00e9v\u00e9nement.<\/strong> La licence est loin d\u2019avoir dit son dernier mot. La date de sortie est toujours un myst\u00e8re. On ne sait pas non plus qui sera en charge de la r\u00e9alisation. Pour rappel, c\u2019est Cary Joji Fukunaga qui \u00e9tait derri\u00e8re la cam\u00e9ra pour Mourir peut attendre en 2021.<\/p>\n<blockquote>\n<p class=\"text-base text-neutral-700 dark:text-neutral-300\">\ud83d\udfe3 Pour ne manquer aucune news sur le Journal du Geek, abonnez-vous sur <a href=\"https:\/\/news.google.com\/publications\/CAAqBwgKMNr_hAswwYyCAw?hl=fr&amp;gl=FR&amp;ceid=FR%3Afr\" target=\"_blank\" rel=\"noopener\">Google Actualit\u00e9s<\/a>. Et si vous nous adorez, on a <a href=\"https:\/\/www.journaldugeek.com\/newsletter\/\" target=\"_blank\" rel=\"noopener\">une newsletter tous les matins<\/a>.<\/p>\n<\/blockquote>\n","protected":false},"excerpt":{"rendered":"La machine se met en marche. Apr\u00e8s des ann\u00e9es de r\u00e9flexion, de tensions avec les producteurs historiques Barbara&hellip;\n","protected":false},"author":2,"featured_media":2111,"comment_status":"","ping_status":"","sticky":false,"template":"","format":"standard","meta":{"footnotes":""},"categories":[1354],"tags":[1676,58,59,1346,1011,27,1677,1678,1360],"class_list":{"0":"post-2110","1":"post","2":"type-post","3":"status-publish","4":"format-standard","5":"has-post-thumbnail","7":"category-films","8":"tag-amazon-mgm","9":"tag-divertissement","10":"tag-entertainment","11":"tag-films","12":"tag-fr","13":"tag-france","14":"tag-james-bond","15":"tag-james-bond-26","16":"tag-movies"},"share_on_mastodon":{"url":"https:\/\/pubeurope.com\/@fr\/114278463087054604","error":""},"_links":{"self":[{"href":"https:\/\/www.europesays.com\/fr\/wp-json\/wp\/v2\/posts\/2110","targetHints":{"allow":["GET"]}}],"collection":[{"href":"https:\/\/www.europesays.com\/fr\/wp-json\/wp\/v2\/posts"}],"about":[{"href":"https:\/\/www.europesays.com\/fr\/wp-json\/wp\/v2\/types\/post"}],"author":[{"embeddable":true,"href":"https:\/\/www.europesays.com\/fr\/wp-json\/wp\/v2\/users\/2"}],"replies":[{"embeddable":true,"href":"https:\/\/www.europesays.com\/fr\/wp-json\/wp\/v2\/comments?post=2110"}],"version-history":[{"count":0,"href":"https:\/\/www.europesays.com\/fr\/wp-json\/wp\/v2\/posts\/2110\/revisions"}],"wp:featuredmedia":[{"embeddable":true,"href":"https:\/\/www.europesays.com\/fr\/wp-json\/wp\/v2\/media\/2111"}],"wp:attachment":[{"href":"https:\/\/www.europesays.com\/fr\/wp-json\/wp\/v2\/media?parent=2110"}],"wp:term":[{"taxonomy":"category","embeddable":true,"href":"https:\/\/www.europesays.com\/fr\/wp-json\/wp\/v2\/categories?post=2110"},{"taxonomy":"post_tag","embeddable":true,"href":"https:\/\/www.europesays.com\/fr\/wp-json\/wp\/v2\/tags?post=2110"}],"curies":[{"name":"wp","href":"https:\/\/api.w.org\/{rel}","templated":true}]}}