{"id":211019,"date":"2025-06-28T13:44:11","date_gmt":"2025-06-28T13:44:11","guid":{"rendered":"https:\/\/www.europesays.com\/fr\/211019\/"},"modified":"2025-06-28T13:44:11","modified_gmt":"2025-06-28T13:44:11","slug":"la-cour-supreme-limite-les-decisions-bloquant-le-decret-presidentiel-sur-la-citoyennete-par-le-droit-du-sol","status":"publish","type":"post","link":"https:\/\/www.europesays.com\/fr\/211019\/","title":{"rendered":"La Cour supr\u00eame limite les d\u00e9cisions bloquant le d\u00e9cret pr\u00e9sidentiel sur la citoyennet\u00e9 par le droit du sol"},"content":{"rendered":"<p><img width=\"750\" height=\"422\" src=\"https:\/\/www.europesays.com\/fr\/wp-content\/uploads\/2025\/04\/Cour-supreme.jpg\" class=\"attachment-full size-full wp-post-image\" alt=\"Cour supr\u00eame\" data-main-img=\"1\" decoding=\"async\" fetchpriority=\"high\"  \/><\/p>\n<p>\t\t\tLa Cour supr\u00eame des Etats Unis a d\u00e9cid\u00e9 vendredi de limiter la capacit\u00e9 des juges de bloquer les d\u00e9cisions de l\u2019ex\u00e9cutif qu\u2019ils consid\u00e8rent comme ill\u00e9gales, y compris le d\u00e9cret pr\u00e9sidentiel sur l\u2019octroi automatique de la citoyennet\u00e9 par le droit du sol aux enfants \u00e9trangers n\u00e9s dans le pays.<\/p>\n<p style=\"text-align: justify;\">D\u00e8s le 20 janvier, jour de son investiture, le pr\u00e9sident Donald Trump avait sign\u00e9 ce d\u00e9cret, affirmant vouloir combattre l\u2019immigration clandestine.<\/p>\n<p style=\"text-align: justify;\">Pour plusieurs observateurs, la d\u00e9cision de la haute juridiction am\u00e9ricaine, approuv\u00e9e par six voix pour et trois contre, constitue une victoire politique majeure pour le locataire de la Maison Blanche. La Cour supr\u00eame consid\u00e8re ainsi que les d\u00e9cisions de port\u00e9e nationale \u00e9mises par des juges f\u00e9d\u00e9raux \u00ab\u00a0exc\u00e8dent probablement les pouvoirs conf\u00e9r\u00e9s par le Congr\u00e8s aux tribunaux f\u00e9d\u00e9raux\u00a0\u00bb. La Cour ne statue pourtant pas sur la constitutionnalit\u00e9 de ce d\u00e9cret pr\u00e9sidentiel.<\/p>\n<p style=\"text-align: justify;\"><strong>Lire aussi :\u00a0<a style=\"color: #008000;\" href=\"https:\/\/maroc-diplomatique.net\/usa-la-cour-supreme-suspend-a-nouveau-les-expulsions-dimmigres-clandestins\/\" target=\"_blank\" rel=\"noopener\">USA: La Cour supr\u00eame suspend \u00e0 nouveau les expulsions d\u2019immigr\u00e9s clandestins<\/a><\/strong><\/p>\n<p style=\"text-align: justify;\">L\u2019administration Trump avait demand\u00e9 \u00e0 la Cour non pas de lever la suspension du d\u00e9cret \u00e0 ce stade, mais d\u2019en limiter la port\u00e9e aux seules personnes ayant saisi la justice, d\u00e9non\u00e7ant ce qu\u2019elle d\u00e9crit comme une d\u00e9rive.<\/p>\n<p style=\"text-align: justify;\">Ce d\u00e9cret interdit au gouvernement f\u00e9d\u00e9ral de d\u00e9livrer des passeports, des certificats de citoyennet\u00e9 ou d\u2019autres documents aux enfants dont la m\u00e8re s\u00e9journe ill\u00e9galement ou temporairement aux Etats-Unis, et dont le p\u00e8re n\u2019est pas citoyen am\u00e9ricain ou r\u00e9sident permanent.<\/p>\n<p style=\"text-align: justify;\">Il revient en effet sur le principe du droit du sol, consacr\u00e9 par le 14e amendement de la Constitution, disposant que tout enfant n\u00e9 aux Etats-Unis est automatiquement citoyen am\u00e9ricain, et appliqu\u00e9 depuis plus de 150 ans.<\/p>\n<p style=\"text-align: justify;\">Avec MAP<\/p>\n","protected":false},"excerpt":{"rendered":"La Cour supr\u00eame des Etats Unis a d\u00e9cid\u00e9 vendredi de limiter la capacit\u00e9 des juges de bloquer les&hellip;\n","protected":false},"author":2,"featured_media":37807,"comment_status":"","ping_status":"","sticky":false,"template":"","format":"standard","meta":{"footnotes":""},"categories":[1589],"tags":[11,15964,10658,35058,35059,73,1866,12,35060,1864,1865,1863,308],"class_list":{"0":"post-211019","1":"post","2":"type-post","3":"status-publish","4":"format-standard","5":"has-post-thumbnail","7":"category-etats-unis","8":"tag-actualites","9":"tag-citoyennete","10":"tag-cour-supreme","11":"tag-decret","12":"tag-droit-du-sol","13":"tag-etats-unis","14":"tag-etats-unis-damerique","15":"tag-news","16":"tag-presidentiel","17":"tag-united-states","18":"tag-united-states-of-america","19":"tag-us","20":"tag-usa"},"share_on_mastodon":{"url":"","error":""},"_links":{"self":[{"href":"https:\/\/www.europesays.com\/fr\/wp-json\/wp\/v2\/posts\/211019","targetHints":{"allow":["GET"]}}],"collection":[{"href":"https:\/\/www.europesays.com\/fr\/wp-json\/wp\/v2\/posts"}],"about":[{"href":"https:\/\/www.europesays.com\/fr\/wp-json\/wp\/v2\/types\/post"}],"author":[{"embeddable":true,"href":"https:\/\/www.europesays.com\/fr\/wp-json\/wp\/v2\/users\/2"}],"replies":[{"embeddable":true,"href":"https:\/\/www.europesays.com\/fr\/wp-json\/wp\/v2\/comments?post=211019"}],"version-history":[{"count":0,"href":"https:\/\/www.europesays.com\/fr\/wp-json\/wp\/v2\/posts\/211019\/revisions"}],"wp:featuredmedia":[{"embeddable":true,"href":"https:\/\/www.europesays.com\/fr\/wp-json\/wp\/v2\/media\/37807"}],"wp:attachment":[{"href":"https:\/\/www.europesays.com\/fr\/wp-json\/wp\/v2\/media?parent=211019"}],"wp:term":[{"taxonomy":"category","embeddable":true,"href":"https:\/\/www.europesays.com\/fr\/wp-json\/wp\/v2\/categories?post=211019"},{"taxonomy":"post_tag","embeddable":true,"href":"https:\/\/www.europesays.com\/fr\/wp-json\/wp\/v2\/tags?post=211019"}],"curies":[{"name":"wp","href":"https:\/\/api.w.org\/{rel}","templated":true}]}}