{"id":211022,"date":"2025-06-28T13:46:09","date_gmt":"2025-06-28T13:46:09","guid":{"rendered":"https:\/\/www.europesays.com\/fr\/211022\/"},"modified":"2025-06-28T13:46:09","modified_gmt":"2025-06-28T13:46:09","slug":"le-boycott-europeen-des-produits-israeliens-sintensifie-et-atteint-lallemagne","status":"publish","type":"post","link":"https:\/\/www.europesays.com\/fr\/211022\/","title":{"rendered":"Le boycott europ\u00e9en des produits isra\u00e9liens s\u2019intensifie et atteint l\u2019Allemagne"},"content":{"rendered":"<p>Les agriculteurs et exportateurs isra\u00e9liens font face \u00e0 une mont\u00e9e du boycott de leurs produits agricoles en Europe, y compris en Allemagne, traditionnellement favorable \u00e0 Isra\u00ebl, rapporte le site isra\u00e9lien YNews, jeudi 26 juin.\u00a0<\/p>\n<p>Apr\u00e8s que les cha\u00eenes Co-op en Italie et au Royaume-Uni ont cess\u00e9 de commercialiser des produits isra\u00e9liens, des enseignes comme Aldi en Allemagne et Waitrose au Royaume-Uni r\u00e9duisent discr\u00e8tement leurs achats, tandis que le Japon montre des signes d\u2019h\u00e9sitation. \u00ab Ces derni\u00e8res semaines, les appels au boycott se font plus bruyants en Allemagne, ce qui est nouveau \u00bb, confie un exportateur de pommes de terre \u00e0 Ynet. \u00ab Depuis six semaines, Aldi fait tout pour \u00e9viter nos produits. \u00bb<\/p>\n<p><strong>Un mouvement initi\u00e9 en Belgique et amplifi\u00e9 ailleurs<\/strong><\/p>\n<p>Ofer Levin, exportateur agricole, note un changement d\u2019attitude en Allemagne, influenc\u00e9 par l\u2019opinion publique sur la guerre \u00e0 Gaza. \u00ab Aldi invoque l\u2019arriv\u00e9e de produits locaux, mais le motif est politique \u00bb, affirme-t-il. En Belgique, les r\u00e9glementations europ\u00e9ennes sur l\u2019\u00e9tiquetage d\u2019origine ont conduit \u00e0 un rejet des produits isra\u00e9liens, bien que les pommes de terre miniatures, sans mention d\u2019origine, continuent d\u2019\u00eatre achet\u00e9es en masse, preuve du caract\u00e8re politique du boycott.\u00a0<\/p>\n<p>En Su\u00e8de, ICA a cess\u00e9 d\u2019importer des produits isra\u00e9liens depuis cinq ans, et la Norv\u00e8ge a ferm\u00e9 ses fronti\u00e8res aux marchandises isra\u00e9liennes l\u2019an dernier. \u00ab L\u2019Allemagne, notre plus gros client, nous avertit : si cela continue, la prochaine saison pourrait \u00eatre compromise \u00bb, ajoute Levin.<\/p>\n<p><strong>Pressions politiques et alternatives r\u00e9gionales<\/strong><\/p>\n<p>En France, Lidl a annul\u00e9 des contrats en raison des tensions, bien que ce march\u00e9 reste secondaire. M\u00eame au Japon, un client a conseill\u00e9 la prudence, la perception des produits isra\u00e9liens devenant probl\u00e9matique. Yaniv Yablonka, PDG de Yapro, qui exporte 50 000 tonnes de pommes de terre vers 11 pays europ\u00e9ens, souligne que Co-op est la seule enseigne \u00e0 d\u00e9clarer publiquement son boycott. \u00ab Les autres d\u00e9taillants disent en priv\u00e9 : \u2018Pas de produits isra\u00e9liens, pour \u00e9viter les ennuis avec BDS ou les manifestations\u2019 \u00bb, explique-t-il. Les supermarch\u00e9s se tournent vers des alternatives marocaines ou \u00e9gyptiennes.<\/p>\n<p><strong>Un boycott ancr\u00e9 dans le conflit \u00e0 Gaza<\/strong><\/p>\n<p>Le boycott s\u2019est accentu\u00e9 apr\u00e8s que Co-op UK et Co-op Italie ont banni des produits comme le tahini Achva ou les bouteilles SodaStream, l\u2019Italie lan\u00e7ant m\u00eame Cola Gaza, une boisson aux couleurs palestiniennes. Yablonka pr\u00e9cise que ce mouvement, bien que raviv\u00e9 par la guerre \u00e0 Gaza, pr\u00e9existait. \u00ab Le 5 octobre 2023, j\u2019ai rencontr\u00e9 un acheteur de Co-op Norv\u00e8ge. Deux semaines apr\u00e8s le 7 octobre, ils ont annul\u00e9 notre contrat \u00bb, raconte-t-il. La Suisse a cess\u00e9 ses achats il y a cinq ou six ans, et chaque op\u00e9ration militaire isra\u00e9lienne, comme Bouclier d\u00e9fensif ou Bordure protectrice, amplifie ces tensions.<\/p>\n<p><strong>Impact sur les exportateurs<\/strong><\/p>\n<p>\u00ab J\u2019ai annul\u00e9 toutes mes commandes de semences pour la Belgique, la Norv\u00e8ge et l\u2019Irlande d\u00e8s le 8 octobre 2023, anticipant l\u2019\u00e9chec des contrats \u00bb, confie Yablonka. Ces march\u00e9s, notamment la Norv\u00e8ge et la Belgique, repr\u00e9sentaient d\u2019importants volumes. En Irlande, les exportateurs de citron et de radis ont \u00e9t\u00e9 particuli\u00e8rement touch\u00e9s. Face \u00e0 ces d\u00e9fis, les agriculteurs isra\u00e9liens craignent une marginalisation croissante, m\u00eame dans des pays alli\u00e9s comme l\u2019Allemagne, o\u00f9 Kaufland pourrait bient\u00f4t privil\u00e9gier des produits \u00e9gyptiens.<\/p>\n","protected":false},"excerpt":{"rendered":"Les agriculteurs et exportateurs isra\u00e9liens font face \u00e0 une mont\u00e9e du boycott de leurs produits agricoles en Europe,&hellip;\n","protected":false},"author":2,"featured_media":211023,"comment_status":"","ping_status":"","sticky":false,"template":"","format":"standard","meta":{"footnotes":""},"categories":[1587],"tags":[35064,11,672,1804,35066,1805,35063,35061,1803,1777,674,1801,35062,12,35065,1802],"class_list":{"0":"post-211022","1":"post","2":"type-post","3":"status-publish","4":"format-standard","5":"has-post-thumbnail","7":"category-allemagne","8":"tag-actualite-ile-maurice","9":"tag-actualites","10":"tag-allemagne","11":"tag-bundesrepublik-deutschland","12":"tag-culture-ile-maurice","13":"tag-de","14":"tag-defi-media","15":"tag-defimedia","16":"tag-deutschland","17":"tag-eu","18":"tag-europe","19":"tag-germany","20":"tag-le-defimedia-group","21":"tag-news","22":"tag-politique-ile-maurice","23":"tag-republique-federale-dallemagne"},"share_on_mastodon":{"url":"","error":""},"_links":{"self":[{"href":"https:\/\/www.europesays.com\/fr\/wp-json\/wp\/v2\/posts\/211022","targetHints":{"allow":["GET"]}}],"collection":[{"href":"https:\/\/www.europesays.com\/fr\/wp-json\/wp\/v2\/posts"}],"about":[{"href":"https:\/\/www.europesays.com\/fr\/wp-json\/wp\/v2\/types\/post"}],"author":[{"embeddable":true,"href":"https:\/\/www.europesays.com\/fr\/wp-json\/wp\/v2\/users\/2"}],"replies":[{"embeddable":true,"href":"https:\/\/www.europesays.com\/fr\/wp-json\/wp\/v2\/comments?post=211022"}],"version-history":[{"count":0,"href":"https:\/\/www.europesays.com\/fr\/wp-json\/wp\/v2\/posts\/211022\/revisions"}],"wp:featuredmedia":[{"embeddable":true,"href":"https:\/\/www.europesays.com\/fr\/wp-json\/wp\/v2\/media\/211023"}],"wp:attachment":[{"href":"https:\/\/www.europesays.com\/fr\/wp-json\/wp\/v2\/media?parent=211022"}],"wp:term":[{"taxonomy":"category","embeddable":true,"href":"https:\/\/www.europesays.com\/fr\/wp-json\/wp\/v2\/categories?post=211022"},{"taxonomy":"post_tag","embeddable":true,"href":"https:\/\/www.europesays.com\/fr\/wp-json\/wp\/v2\/tags?post=211022"}],"curies":[{"name":"wp","href":"https:\/\/api.w.org\/{rel}","templated":true}]}}