{"id":211034,"date":"2025-06-28T13:52:11","date_gmt":"2025-06-28T13:52:11","guid":{"rendered":"https:\/\/www.europesays.com\/fr\/211034\/"},"modified":"2025-06-28T13:52:11","modified_gmt":"2025-06-28T13:52:11","slug":"le-vaudreuil-golf-challenge-sciot-siegrist-garde-la-cadence","status":"publish","type":"post","link":"https:\/\/www.europesays.com\/fr\/211034\/","title":{"rendered":"Le Vaudreuil Golf Challenge : Sciot-Siegrist garde la cadence"},"content":{"rendered":"<p>Seul leader apr\u00e8s un premier tour jou\u00e9 en 65 (-7), <strong>Robin Sciot-Siegrist <\/strong>est toujours en t\u00eate du <strong>Vaudreuil Golf Challenge<\/strong> apr\u00e8s le deuxi\u00e8me tour, ce vendredi. Mieux encore, le gaucher de Saint-Nom-la-Bret\u00e8che a accru son avance en postant un 66 (-6) comprenant sept birdies et un bogey. Avec un total de -13, il devance d\u00e9sormais de trois coup l&rsquo;\u00c9cossais <strong>Daniel Young<\/strong>, qui a jou\u00e9 68 (-4), et de cinq un groupe de six golfeurs dans lequel figure <strong>Cl\u00e9ment Charmasson<\/strong>.<\/p>\n<p>Celui-ci, mal embarqu\u00e9 avec trois bogeys cons\u00e9cutifs pour d\u00e9marrer, a su r\u00e9agir en allant chercher un score de 70 (-2) pour atteindre -8 total et se placer en embuscade avant le week-end. Deux coups derri\u00e8re \u00e0 -6, deux autres Tricolores naviguent en 13e position :<strong> Julien Quesne<\/strong> (68) et <strong>Nicolas Calvet<\/strong> (70).<\/p>\n","protected":false},"excerpt":{"rendered":"Seul leader apr\u00e8s un premier tour jou\u00e9 en 65 (-7), Robin Sciot-Siegrist est toujours en t\u00eate du Vaudreuil&hellip;\n","protected":false},"author":2,"featured_media":211035,"comment_status":"","ping_status":"","sticky":false,"template":"","format":"standard","meta":{"footnotes":""},"categories":[1418],"tags":[1011,27,1472,60],"class_list":{"0":"post-211034","1":"post","2":"type-post","3":"status-publish","4":"format-standard","5":"has-post-thumbnail","7":"category-golf","8":"tag-fr","9":"tag-france","10":"tag-golf","11":"tag-sports"},"share_on_mastodon":{"url":"","error":""},"_links":{"self":[{"href":"https:\/\/www.europesays.com\/fr\/wp-json\/wp\/v2\/posts\/211034","targetHints":{"allow":["GET"]}}],"collection":[{"href":"https:\/\/www.europesays.com\/fr\/wp-json\/wp\/v2\/posts"}],"about":[{"href":"https:\/\/www.europesays.com\/fr\/wp-json\/wp\/v2\/types\/post"}],"author":[{"embeddable":true,"href":"https:\/\/www.europesays.com\/fr\/wp-json\/wp\/v2\/users\/2"}],"replies":[{"embeddable":true,"href":"https:\/\/www.europesays.com\/fr\/wp-json\/wp\/v2\/comments?post=211034"}],"version-history":[{"count":0,"href":"https:\/\/www.europesays.com\/fr\/wp-json\/wp\/v2\/posts\/211034\/revisions"}],"wp:featuredmedia":[{"embeddable":true,"href":"https:\/\/www.europesays.com\/fr\/wp-json\/wp\/v2\/media\/211035"}],"wp:attachment":[{"href":"https:\/\/www.europesays.com\/fr\/wp-json\/wp\/v2\/media?parent=211034"}],"wp:term":[{"taxonomy":"category","embeddable":true,"href":"https:\/\/www.europesays.com\/fr\/wp-json\/wp\/v2\/categories?post=211034"},{"taxonomy":"post_tag","embeddable":true,"href":"https:\/\/www.europesays.com\/fr\/wp-json\/wp\/v2\/tags?post=211034"}],"curies":[{"name":"wp","href":"https:\/\/api.w.org\/{rel}","templated":true}]}}