{"id":211036,"date":"2025-06-28T13:53:12","date_gmt":"2025-06-28T13:53:12","guid":{"rendered":"https:\/\/www.europesays.com\/fr\/211036\/"},"modified":"2025-06-28T13:53:12","modified_gmt":"2025-06-28T13:53:12","slug":"volley-ball-grosse-amende-retrogradation-en-regionale-romans-lourdement-sanctionne","status":"publish","type":"post","link":"https:\/\/www.europesays.com\/fr\/211036\/","title":{"rendered":"Volley-ball. Grosse amende, r\u00e9trogradation en R\u00e9gionale&#8230; Romans lourdement sanctionn\u00e9 !"},"content":{"rendered":"<p>Nouveau coup de massue pour le club de Romans-sur-Is\u00e8re. Pour la deuxi\u00e8me ann\u00e9e de rang, les Dr\u00f4moises pourraient ne pas fouler les parquets d\u2019\u00c9lite la saison prochaine.<\/p>\n<p>Pourtant <a href=\"https:\/\/www.ledauphine.com\/sport\/2025\/05\/18\/les-filles-de-romans-titrees\" target=\"_blank\" rel=\"noopener\">championnes de France<\/a> de Nationale 2 sportivement il y a un peu plus d\u2019un mois, les Romanaises se voient, \u00e0 ce jour, d\u00e9chues de leur sacre, avec une r\u00e9trogradation au niveau r\u00e9gional, apr\u00e8s d\u00e9cision de la Commission F\u00e9d\u00e9rale Sportive (CFS).<\/p>\n<p>En effet, plusieurs contrats de joueuses professionnelles au sein de l\u2019effectif romanais, alors interdits en Nationale 2, sont reproch\u00e9s au VBR.<\/p>\n<p>Une amende de 10 000 euros<\/p>\n<p>\u00a0<\/p>\n<p>L\u2019exercice 2024-2025 fait donc aujourd\u2019hui \u00e9tat d\u2019un forfait g\u00e9n\u00e9ral, avec l\u2019int\u00e9gralit\u00e9 des rencontres perdues par forfait. Le VBR qui a \u00e9cop\u00e9 \u00e9galement d\u2019une amende de pr\u00e8s de 10000 euros.<\/p>\n<p>Le club, qui pr\u00e9parait son mercato estival, doit alors attendre le verdict, vraisemblablement entre le 5 et 10\u00a0juillet, apr\u00e8s avoir fait appel de la sanction. Le pr\u00e9sident romanais Nicolas Taravello reste toutefois confiant quant \u00e0 un maintien en \u00c9lite, voire Nationale 2.\u00a0<\/p>\n","protected":false},"excerpt":{"rendered":"Nouveau coup de massue pour le club de Romans-sur-Is\u00e8re. Pour la deuxi\u00e8me ann\u00e9e de rang, les Dr\u00f4moises pourraient&hellip;\n","protected":false},"author":2,"featured_media":211037,"comment_status":"","ping_status":"","sticky":false,"template":"","format":"standard","meta":{"footnotes":""},"categories":[1417],"tags":[2730,2737,1701,1795,1011,27,1479,2736,517,60,1470,1632,1469],"class_list":{"0":"post-211036","1":"post","2":"type-post","3":"status-publish","4":"format-standard","5":"has-post-thumbnail","7":"category-volley","8":"tag-drome","9":"tag-edition-romans-nord-drome","10":"tag-fil-info-sport","11":"tag-fil-web","12":"tag-fr","13":"tag-france","14":"tag-romans","15":"tag-romans-sur-isere","16":"tag-sport","17":"tag-sports","18":"tag-volley","19":"tag-volley-ball","20":"tag-volleyball"},"share_on_mastodon":{"url":"","error":""},"_links":{"self":[{"href":"https:\/\/www.europesays.com\/fr\/wp-json\/wp\/v2\/posts\/211036","targetHints":{"allow":["GET"]}}],"collection":[{"href":"https:\/\/www.europesays.com\/fr\/wp-json\/wp\/v2\/posts"}],"about":[{"href":"https:\/\/www.europesays.com\/fr\/wp-json\/wp\/v2\/types\/post"}],"author":[{"embeddable":true,"href":"https:\/\/www.europesays.com\/fr\/wp-json\/wp\/v2\/users\/2"}],"replies":[{"embeddable":true,"href":"https:\/\/www.europesays.com\/fr\/wp-json\/wp\/v2\/comments?post=211036"}],"version-history":[{"count":0,"href":"https:\/\/www.europesays.com\/fr\/wp-json\/wp\/v2\/posts\/211036\/revisions"}],"wp:featuredmedia":[{"embeddable":true,"href":"https:\/\/www.europesays.com\/fr\/wp-json\/wp\/v2\/media\/211037"}],"wp:attachment":[{"href":"https:\/\/www.europesays.com\/fr\/wp-json\/wp\/v2\/media?parent=211036"}],"wp:term":[{"taxonomy":"category","embeddable":true,"href":"https:\/\/www.europesays.com\/fr\/wp-json\/wp\/v2\/categories?post=211036"},{"taxonomy":"post_tag","embeddable":true,"href":"https:\/\/www.europesays.com\/fr\/wp-json\/wp\/v2\/tags?post=211036"}],"curies":[{"name":"wp","href":"https:\/\/api.w.org\/{rel}","templated":true}]}}