{"id":211040,"date":"2025-06-28T13:55:09","date_gmt":"2025-06-28T13:55:09","guid":{"rendered":"https:\/\/www.europesays.com\/fr\/211040\/"},"modified":"2025-06-28T13:55:09","modified_gmt":"2025-06-28T13:55:09","slug":"wimbledon-alcaraz-sinner-djokovic-mats-wilander-designe-le-favori-du-tournoi-le-gazon-est-la-surface-parfaite-pour-lui","status":"publish","type":"post","link":"https:\/\/www.europesays.com\/fr\/211040\/","title":{"rendered":"Wimbledon > Alcaraz, Sinner, Djokovic ? Mats Wilander d\u00e9signe le favori du tournoi : \u00ab\u00a0Le gazon est la surface parfaite pour lui\u00a0\u00bb"},"content":{"rendered":"<p>Consultant pour TNT Sports et invit\u00e9 \u00e0 d\u00e9si\u00adgner le favori de cette \u00e9dition 2025 de Wimbledon, Mats Wilander n\u2019a pas h\u00e9sit\u00e9 long\u00adtemps sur l\u2019iden\u00adtit\u00e9 du joueur en question.<\/p>\n<p>Pour l\u2019an\u00adcien num\u00e9ro 1 mondial, le double tenant du titre, Carlos Alcaraz, est le plus l\u00e9gi\u00adtime \u00e0 sa succession.\u00a0<\/p>\n<p><strong>\u00ab\u202fJe pense que le gazon est une surface parfaite pour Alcaraz. Tout d\u2019abord, parce qu\u2019il sait comment se d\u00e9placer, il sait comment glisser, il sait comment s\u2019ar\u00adr\u00eater, il sait comment ne pas glisser si c\u2019est ce qu\u2019il veut, parce qu\u2019il fait telle\u00adment de petits pas. Je pense donc qu\u2019il n\u2019y a pas de grande diff\u00e9\u00adrence entre ses mouve\u00adments et ceux d\u2019un court en terre battue ou m\u00eame d\u2019un court en dur. Je pense qu\u2019il est le seul dans ce cas. Je pense que si l\u2019on compare avec le grand Roger Federer, son mouve\u00adment n\u2019\u00e9tait pas vrai\u00adment entrav\u00e9 non plus parce qu\u2019il avait d\u00e9cid\u00e9 de ne jamais glisser sur le gazon, en gros. Il \u00e9tait donc toujours en \u00e9qui\u00adlibre. Je pense donc que c\u2019est la premi\u00e8re chose \u00e0 faire. La deuxi\u00e8me chose, c\u2019est que sur un court en herbe, les \u00e9changes sont moins r\u00e9fl\u00e9\u00adchis d\u2019une certaine mani\u00e8re parce que vous devez frapper un petit slice ici et que vous restez en vie dans les \u00e9changes. Et quand la balle s\u2019\u00e9l\u00e8ve, vous la frappez aussi fort que vous le pouvez.\u202f\u00bb<\/strong><\/p>\n<p class=\"post-published-date\" style=\"color: silver; font-size: 75%; text-align: left;\">Publi\u00e9 le samedi 28 juin 2025 \u00e0 14:43<\/p>\n","protected":false},"excerpt":{"rendered":"Consultant pour TNT Sports et invit\u00e9 \u00e0 d\u00e9si\u00adgner le favori de cette \u00e9dition 2025 de Wimbledon, Mats Wilander&hellip;\n","protected":false},"author":2,"featured_media":211041,"comment_status":"","ping_status":"","sticky":false,"template":"","format":"standard","meta":{"footnotes":""},"categories":[1415],"tags":[1744,105,2199,1011,27,2127,60,1467],"class_list":{"0":"post-211040","1":"post","2":"type-post","3":"status-publish","4":"format-standard","5":"has-post-thumbnail","7":"category-tennis","8":"tag-alcaraz","9":"tag-djokovic","10":"tag-federer","11":"tag-fr","12":"tag-france","13":"tag-sinner","14":"tag-sports","15":"tag-tennis"},"share_on_mastodon":{"url":"","error":""},"_links":{"self":[{"href":"https:\/\/www.europesays.com\/fr\/wp-json\/wp\/v2\/posts\/211040","targetHints":{"allow":["GET"]}}],"collection":[{"href":"https:\/\/www.europesays.com\/fr\/wp-json\/wp\/v2\/posts"}],"about":[{"href":"https:\/\/www.europesays.com\/fr\/wp-json\/wp\/v2\/types\/post"}],"author":[{"embeddable":true,"href":"https:\/\/www.europesays.com\/fr\/wp-json\/wp\/v2\/users\/2"}],"replies":[{"embeddable":true,"href":"https:\/\/www.europesays.com\/fr\/wp-json\/wp\/v2\/comments?post=211040"}],"version-history":[{"count":0,"href":"https:\/\/www.europesays.com\/fr\/wp-json\/wp\/v2\/posts\/211040\/revisions"}],"wp:featuredmedia":[{"embeddable":true,"href":"https:\/\/www.europesays.com\/fr\/wp-json\/wp\/v2\/media\/211041"}],"wp:attachment":[{"href":"https:\/\/www.europesays.com\/fr\/wp-json\/wp\/v2\/media?parent=211040"}],"wp:term":[{"taxonomy":"category","embeddable":true,"href":"https:\/\/www.europesays.com\/fr\/wp-json\/wp\/v2\/categories?post=211040"},{"taxonomy":"post_tag","embeddable":true,"href":"https:\/\/www.europesays.com\/fr\/wp-json\/wp\/v2\/tags?post=211040"}],"curies":[{"name":"wp","href":"https:\/\/api.w.org\/{rel}","templated":true}]}}