{"id":211042,"date":"2025-06-28T13:57:09","date_gmt":"2025-06-28T13:57:09","guid":{"rendered":"https:\/\/www.europesays.com\/fr\/211042\/"},"modified":"2025-06-28T13:57:09","modified_gmt":"2025-06-28T13:57:09","slug":"jorge-martin-sestime-libre-de-quitter-aprilia-a-la-fin-de-la-saison","status":"publish","type":"post","link":"https:\/\/www.europesays.com\/fr\/211042\/","title":{"rendered":"Jorge Martin s&rsquo;estime \u00ablibre\u00bb de quitter Aprilia \u00e0 la fin de la saison"},"content":{"rendered":"<p>Alors qu\u2019il souhaite quitter son \u00e9curie \u00e0 la fin de la saison, Jorge Martin, champion du monde en titre a fait savoir gr\u00e2ce \u00e0 son agent qu\u2019il s\u2019estime \u00ablibre\u00bb pour 2026.<\/p>\n<p class=\"fig-paragraph\"><a href=\"http:\/\/www.lefigaro.fr\/sports\/moto\/motogp-aprilia-annonce-que-jorge-martin-est-sorti-de-l-hopital-20250420\" data-fig-type=\"NewsFlash\" data-gtm-custom-categorie=\"navigation\" data-gtm-custom-action=\"crossclick\" data-gtm-custom-label=\"Contextuel\" data-gtm-event=\"customEventSPE\" data-fig-domain=\"LEFIGARO\" rel=\"nofollow noopener\" target=\"_blank\">Jorge Martin,<\/a>\u00a0champion du monde en titre de MotoGP qui souhaite quitter son \u00e9curie Aprilia \u00e0 la fin de la saison, a fait savoir samedi via son agent qu&rsquo;il s&rsquo;estimait \u00ablibre de tout contrat pour 2026\u00bb. Dans une d\u00e9claration \u00e0 la cha\u00eene MotoGP en marge du GP des Pays-Bas \u00e0 Assen, Albert Valera, l&rsquo;agent du pilote espagnol, a d\u00e9clar\u00e9 que Martin \u00e9tait \u00ablibre de tout contrat pour 2026.\u00bb<\/p>\n<p class=\"fig-paragraph\">\u00abC&rsquo;est assez clair pour nous, il a ex\u00e9cut\u00e9 une clause du contrat et nous ne faisons que suivre le contrat. Il est totalement ouvert, disponible, et nous verrons ce qui se passera \u00e0 l&rsquo;avenir\u00bb, a ajout\u00e9 l&rsquo;agent. Ces propos sont un nouvel \u00e9pisode dans le bras de fer entre le pilote et l&rsquo;\u00e9curie italienne pour qui Martin doit honorer un contrat de plusieurs saisons. Le Madril\u00e8ne a rejoint le constructeur italien en d\u00e9but de saison apr\u00e8s avoir quitt\u00e9 Ducati.<\/p>\n<p>Un d\u00e9part vers Honda\u00a0?<\/p>\n<p class=\"fig-paragraph\">\u00abCompte tenu de la n\u00e9cessit\u00e9 de prendre une d\u00e9cision concernant une date fix\u00e9e par mon contrat, j&rsquo;ai d\u00e9cid\u00e9 d&rsquo;exercer mon droit de me lib\u00e9rer pour la saison 2026. Je l&rsquo;ai toujours fait avec respect, clart\u00e9 et dans le seul but de prendre en main mon avenir d&rsquo;athl\u00e8te professionnel\u00bb, avait annonc\u00e9 Martin, 27 ans, dans un communiqu\u00e9 diffus\u00e9 le 29 mai. Les rumeurs du paddock envoient Martin vers Honda o\u00f9 l&rsquo;attendrait un contrat avantageux. \u00abUne option pour la saison prochaine\u00bb, reconna\u00eet l&rsquo;agent Albert Valera.<\/p>\n<p class=\"fig-paragraph\">La deuxi\u00e8me partie de cette saison 2025 risque d&rsquo;\u00eatre agit\u00e9e pour un pilote qui n&rsquo;a encore disput\u00e9 aucune course compl\u00e8te cette ann\u00e9e en raison d&rsquo;une succession de blessures. Pour l&rsquo;instant, il est remplac\u00e9 chez Aprilia par le pilote d&rsquo;essai Lorenzo Savadori, aux c\u00f4t\u00e9s de Marco Bezzecchi. Martin n&rsquo;a d\u00e9sormais plus aucune chance de pouvoir conserver son titre et son retour au guidon de l&rsquo;Aprilia programm\u00e9 au c\u0153ur de l&rsquo;\u00e9t\u00e9 risque de se d\u00e9rouler dans une atmosph\u00e8re lourde.<\/p>\n","protected":false},"excerpt":{"rendered":"Alors qu\u2019il souhaite quitter son \u00e9curie \u00e0 la fin de la saison, Jorge Martin, champion du monde en&hellip;\n","protected":false},"author":2,"featured_media":211043,"comment_status":"","ping_status":"","sticky":false,"template":"","format":"standard","meta":{"footnotes":""},"categories":[1413],"tags":[7589,7590,1976,525,7592,1981,1979,4266,1011,27,7591,1982,4922,1457,6033,1456,1458,1978,1980,60,4921],"class_list":{"0":"post-211042","1":"post","2":"type-post","3":"status-publish","4":"format-standard","5":"has-post-thumbnail","7":"category-moto","8":"tag-125cc","9":"tag-250cc","10":"tag-auto-moto","11":"tag-calendrier","12":"tag-circuits","13":"tag-classement","14":"tag-constructeurs","15":"tag-ducati","16":"tag-fr","17":"tag-france","18":"tag-gp","19":"tag-grand-prix","20":"tag-honda","21":"tag-moto","22":"tag-moto-gp","23":"tag-motocycle","24":"tag-motogp","25":"tag-pilotes","26":"tag-resultats","27":"tag-sports","28":"tag-yamaha"},"share_on_mastodon":{"url":"","error":""},"_links":{"self":[{"href":"https:\/\/www.europesays.com\/fr\/wp-json\/wp\/v2\/posts\/211042","targetHints":{"allow":["GET"]}}],"collection":[{"href":"https:\/\/www.europesays.com\/fr\/wp-json\/wp\/v2\/posts"}],"about":[{"href":"https:\/\/www.europesays.com\/fr\/wp-json\/wp\/v2\/types\/post"}],"author":[{"embeddable":true,"href":"https:\/\/www.europesays.com\/fr\/wp-json\/wp\/v2\/users\/2"}],"replies":[{"embeddable":true,"href":"https:\/\/www.europesays.com\/fr\/wp-json\/wp\/v2\/comments?post=211042"}],"version-history":[{"count":0,"href":"https:\/\/www.europesays.com\/fr\/wp-json\/wp\/v2\/posts\/211042\/revisions"}],"wp:featuredmedia":[{"embeddable":true,"href":"https:\/\/www.europesays.com\/fr\/wp-json\/wp\/v2\/media\/211043"}],"wp:attachment":[{"href":"https:\/\/www.europesays.com\/fr\/wp-json\/wp\/v2\/media?parent=211042"}],"wp:term":[{"taxonomy":"category","embeddable":true,"href":"https:\/\/www.europesays.com\/fr\/wp-json\/wp\/v2\/categories?post=211042"},{"taxonomy":"post_tag","embeddable":true,"href":"https:\/\/www.europesays.com\/fr\/wp-json\/wp\/v2\/tags?post=211042"}],"curies":[{"name":"wp","href":"https:\/\/api.w.org\/{rel}","templated":true}]}}