{"id":211044,"date":"2025-06-28T13:58:09","date_gmt":"2025-06-28T13:58:09","guid":{"rendered":"https:\/\/www.europesays.com\/fr\/211044\/"},"modified":"2025-06-28T13:58:09","modified_gmt":"2025-06-28T13:58:09","slug":"lewis-hamilton-pas-convaincu-par-levolution-apportee-par-ferrari-en-autriche","status":"publish","type":"post","link":"https:\/\/www.europesays.com\/fr\/211044\/","title":{"rendered":"Lewis Hamilton pas convaincu par l\u2019\u00e9volution apport\u00e9e par Ferrari en Autriche"},"content":{"rendered":"<p>Alors que Ferrari est arriv\u00e9 en Autriche avec un nouveau plancher, le rythme de la SF-25 ne semble pas avoir \u00e9t\u00e9 grandement am\u00e9lior\u00e9.<\/p>\n<p>Malgr\u00e9 cette \u00e9volution, les pilotes de la Scuderia sont rest\u00e9s assez loin du chrono r\u00e9f\u00e9rence en essais libres ce vendredi, comme souvent en 2025. En EL2, la seule s\u00e9ance du vendredi o\u00f9 les deux pilotes titulaires \u00e9taient en piste, Charles Leclerc n\u2019a pu faire mieux qu\u2019une cinqui\u00e8me place \u00e0 six dixi\u00e8mes alors que Lewis Hamilton ne pointait qu\u2019au dixi\u00e8me rang \u00e0 plus de neuf dixi\u00e8mes.<\/p>\n<p>\u00ab Beaucoup de travail a \u00e9t\u00e9 n\u00e9cessaire pour apporter le plancher, mais comme vous pouvez le constater, cela n\u2019a pas n\u00e9cessairement chang\u00e9 notre comp\u00e9titivit\u00e9 \u00bb, a indiqu\u00e9 Hamilton. \u00ab La voiture ne semble pas si mauvaise, c\u2019est juste qu\u2019elle manque beaucoup de rythme, nous devons donc nous pencher sur ce probl\u00e8me, et c\u2019est \u00e0 peu pr\u00e8s tout. Nous allons continuer \u00e0 pousser et \u00e0 essayer de r\u00e9gler la voiture pour voir ce que nous pouvons obtenir, mais c\u2019est clairement serr\u00e9 dans le top 10, un dixi\u00e8me peut faire la diff\u00e9rence, c\u2019est donc ce sur quoi nous allons travailler.\u00a0\u00bb<\/p>\n<p>\u00ab\u00a0Ce n\u2019\u00e9tait pas spectaculaire, et nous avons eu un probl\u00e8me avec la bo\u00eete de vitesses le matin, ce qui a \u00e9t\u00e9 difficile et frustrant pour tout le monde\u00a0\u00bb, a poursuivi Hamilton. \u00ab\u00a0Les m\u00e9caniciens ont fait un excellent travail pour la maintenir en \u00e9tat, mais on ne pouvait faire qu\u2019un seul tour, donc on n\u2019a pas pu faire de longs runs, mais je pense qu\u2019on s\u2019est bien repris. Ils ont fait un excellent travail pour changer la bo\u00eete de vitesses et nous pr\u00e9parer pour les EL2, mais Charles \u00e9tait \u00e0 six dixi\u00e8mes et j\u2019\u00e9tais \u00e0 pr\u00e8s d\u2019une seconde, ce n\u2019est donc pas id\u00e9al. Mais nous avons beaucoup appris, je pense que nous allons apporter quelques modifications et, avec un peu de chance, nous pourrons nous rapprocher un peu, mais nous ne serons pas en t\u00eate. \u00bb<\/p>\n","protected":false},"excerpt":{"rendered":"Alors que Ferrari est arriv\u00e9 en Autriche avec un nouveau plancher, le rythme de la SF-25 ne semble&hellip;\n","protected":false},"author":2,"featured_media":211045,"comment_status":"","ping_status":"","sticky":false,"template":"","format":"standard","meta":{"footnotes":""},"categories":[1412],"tags":[5080,5081,1451,5083,5084,5085,5086,5087,2251,1452,1453,1454,1455,1011,27,1975,5089,5090,60,5091,3030],"class_list":{"0":"post-211044","1":"post","2":"type-post","3":"status-publish","4":"format-standard","5":"has-post-thumbnail","7":"category-f1","8":"tag-actualites-f1","9":"tag-actuf1","10":"tag-f1","11":"tag-f1-actu","12":"tag-f1-direct","13":"tag-f1-live","14":"tag-f1-news","15":"tag-f1news","16":"tag-ferrari","17":"tag-formula-1","18":"tag-formula1","19":"tag-formule-1","20":"tag-formule1","21":"tag-fr","22":"tag-france","23":"tag-lewis-hamilton","24":"tag-news-f1","25":"tag-newsf1","26":"tag-sports","27":"tag-tip","28":"tag-top"},"share_on_mastodon":{"url":"","error":""},"_links":{"self":[{"href":"https:\/\/www.europesays.com\/fr\/wp-json\/wp\/v2\/posts\/211044","targetHints":{"allow":["GET"]}}],"collection":[{"href":"https:\/\/www.europesays.com\/fr\/wp-json\/wp\/v2\/posts"}],"about":[{"href":"https:\/\/www.europesays.com\/fr\/wp-json\/wp\/v2\/types\/post"}],"author":[{"embeddable":true,"href":"https:\/\/www.europesays.com\/fr\/wp-json\/wp\/v2\/users\/2"}],"replies":[{"embeddable":true,"href":"https:\/\/www.europesays.com\/fr\/wp-json\/wp\/v2\/comments?post=211044"}],"version-history":[{"count":0,"href":"https:\/\/www.europesays.com\/fr\/wp-json\/wp\/v2\/posts\/211044\/revisions"}],"wp:featuredmedia":[{"embeddable":true,"href":"https:\/\/www.europesays.com\/fr\/wp-json\/wp\/v2\/media\/211045"}],"wp:attachment":[{"href":"https:\/\/www.europesays.com\/fr\/wp-json\/wp\/v2\/media?parent=211044"}],"wp:term":[{"taxonomy":"category","embeddable":true,"href":"https:\/\/www.europesays.com\/fr\/wp-json\/wp\/v2\/categories?post=211044"},{"taxonomy":"post_tag","embeddable":true,"href":"https:\/\/www.europesays.com\/fr\/wp-json\/wp\/v2\/tags?post=211044"}],"curies":[{"name":"wp","href":"https:\/\/api.w.org\/{rel}","templated":true}]}}