{"id":211048,"date":"2025-06-28T14:00:11","date_gmt":"2025-06-28T14:00:11","guid":{"rendered":"https:\/\/www.europesays.com\/fr\/211048\/"},"modified":"2025-06-28T14:00:11","modified_gmt":"2025-06-28T14:00:11","slug":"un-tres-gros-doute-avant-le-choc-contre-miami","status":"publish","type":"post","link":"https:\/\/www.europesays.com\/fr\/211048\/","title":{"rendered":"un tr\u00e8s gros doute avant le choc contre Miami ?"},"content":{"rendered":"<p>Dans 24 heures, le PSG remonte sur le pont \u00e0 l\u2019occasion des huiti\u00e8mes de finale de la Coupe du monde des clubs. Les Parisiens, premiers du groupe B devant Botafogo, l\u2019Atl\u00e9tico et Seattle, sont ainsi sur le point de recroiser la route de Lionel Messi dans un choc tr\u00e8s attendu.<\/p>\n<p>Le coup d\u2019envoi sera donc donn\u00e9 ce dimanche \u00e0 18h00 entre Paris et Miami dans la superbe enceinte de la Mercedes Benz Arena. Luis Enrique, qui a tent\u00e9 de pr\u00e9parer ses troupes tout en m\u00e9nageant le programme pour appuyer la r\u00e9cup\u00e9ration, devrait d\u2019ailleurs jouir d\u2019un groupe au complet.<\/p>\n<p><img decoding=\"async\" src=\"data:image\/svg+xml,%3Csvg%20xmlns=\" http:=\"\" alt=\"\ud83d\udd25\" class=\"wp-smiley\" style=\"height: 1em; max-height: 1em;\" data-lazy-src=\"https:\/\/www.europesays.com\/fr\/wp-content\/uploads\/2025\/06\/1f525.png\"\/>\u00a0 \u00c0 ne pas manquer<\/p>\n<ul class=\"liste-articles-sim\">\n<li><a href=\"https:\/\/allezparis.fr\/coupe-du-monde-des-clubs\/psg-lexcellente-nouvelle-se-confirme-avant-de-defier-linter-miami-43031\" rel=\"nofollow noopener\" target=\"_blank\">PSG : l\u2019excellente nouvelle se confirme avant de d\u00e9fier l\u2019Inter Miami<\/a><\/li>\n<li><a href=\"https:\/\/allezparis.fr\/coupe-du-monde-des-clubs\/psg-ousmane-dembele-surmotive-a-envie-de-tout-arracher-42981\" rel=\"nofollow noopener\" target=\"_blank\">PSG : Ousmane Demb\u00e9l\u00e9, surmotiv\u00e9, a envie de tout arracher !<\/a><\/li>\n<\/ul>\n<p>Luis Enrique va d\u00e9cider pour Ousmane Demb\u00e9l\u00e9<\/p>\n<p>Seul Presnel Kimpembe manquait ainsi \u00e0 l\u2019appel. Ousmane Demb\u00e9l\u00e9 a, comme les s\u00e9ances pr\u00e9c\u00e9dentes, particip\u00e9 \u00e0 tous les exercices propos\u00e9s sans aucun souci. Preuve qu\u2019il est totalement remis de sa g\u00eane \u00e0 la cuisse gauche. L\u2019\u00c9quipe confirme d\u2019ailleurs que le num\u00e9ro 10 du PSG a des fourmis dans les jambes, lui qui souhaitait d\u00e9j\u00e0 reprendre contre Seattle lundi dernier.<\/p>\n<p>D\u00e9sormais, c\u2019est Luis Enrique qui va trancher sur une titularisation ou non de l\u2019ancien rennais. Le coach parisien, en accord avec son staff, n\u2019a voulu prendre aucun risque avec son leader d\u2019attaque et il n\u2019en prendra pas plus ce dimanche contre l\u2019Inter Miami. La possibilit\u00e9 qu\u2019il d\u00e9bute sur le banc est donc tr\u00e8s plausible.<\/p>\n<p>En ce cas, on imagine bien D\u00e9sir\u00e9 Dou\u00e9 prendre la pointe avec Bradley Barcola et Khvicha Kvaratskhelia sur les ailes. Pour le reste, on s\u2019attend \u00e0 une \u00e9quipe du PSG on ne peut plus classique.<\/p>\n<p>Pub.\tle 28\/06\/2025 &#8211; 15:01<br \/>\n &#8211; MAJ 28\/06\/2025 &#8211; 15:03<\/p>\n","protected":false},"excerpt":{"rendered":"Dans 24 heures, le PSG remonte sur le pont \u00e0 l\u2019occasion des huiti\u00e8mes de finale de la Coupe&hellip;\n","protected":false},"author":2,"featured_media":211049,"comment_status":"","ping_status":"","sticky":false,"template":"","format":"standard","meta":{"footnotes":""},"categories":[1410],"tags":[7151,63,1011,27,35067,2782,93,60],"class_list":{"0":"post-211048","1":"post","2":"type-post","3":"status-publish","4":"format-standard","5":"has-post-thumbnail","7":"category-football","8":"tag-coupe-du-monde-des-clubs","9":"tag-football","10":"tag-fr","11":"tag-france","12":"tag-inter-miami","13":"tag-ousmane-dembele","14":"tag-psg","15":"tag-sports"},"share_on_mastodon":{"url":"","error":""},"_links":{"self":[{"href":"https:\/\/www.europesays.com\/fr\/wp-json\/wp\/v2\/posts\/211048","targetHints":{"allow":["GET"]}}],"collection":[{"href":"https:\/\/www.europesays.com\/fr\/wp-json\/wp\/v2\/posts"}],"about":[{"href":"https:\/\/www.europesays.com\/fr\/wp-json\/wp\/v2\/types\/post"}],"author":[{"embeddable":true,"href":"https:\/\/www.europesays.com\/fr\/wp-json\/wp\/v2\/users\/2"}],"replies":[{"embeddable":true,"href":"https:\/\/www.europesays.com\/fr\/wp-json\/wp\/v2\/comments?post=211048"}],"version-history":[{"count":0,"href":"https:\/\/www.europesays.com\/fr\/wp-json\/wp\/v2\/posts\/211048\/revisions"}],"wp:featuredmedia":[{"embeddable":true,"href":"https:\/\/www.europesays.com\/fr\/wp-json\/wp\/v2\/media\/211049"}],"wp:attachment":[{"href":"https:\/\/www.europesays.com\/fr\/wp-json\/wp\/v2\/media?parent=211048"}],"wp:term":[{"taxonomy":"category","embeddable":true,"href":"https:\/\/www.europesays.com\/fr\/wp-json\/wp\/v2\/categories?post=211048"},{"taxonomy":"post_tag","embeddable":true,"href":"https:\/\/www.europesays.com\/fr\/wp-json\/wp\/v2\/tags?post=211048"}],"curies":[{"name":"wp","href":"https:\/\/api.w.org\/{rel}","templated":true}]}}