{"id":21105,"date":"2025-04-13T02:00:04","date_gmt":"2025-04-13T02:00:04","guid":{"rendered":"https:\/\/www.europesays.com\/fr\/21105\/"},"modified":"2025-04-13T02:00:04","modified_gmt":"2025-04-13T02:00:04","slug":"previsions-du-dimanche-13-avril-2025","status":"publish","type":"post","link":"https:\/\/www.europesays.com\/fr\/21105\/","title":{"rendered":"pr\u00e9visions du dimanche 13 avril 2025"},"content":{"rendered":"<p>La grisaille ne se disperse toujours pas, il y aura encore des nuages aujourd&rsquo;hui. Mauvais temps \u00e0 Lille : on pr\u00e9voit des pluies \u00e9parses. Les temp\u00e9ratures afficheront entre 9 et 17\u00b0C. Un vent de sud-ouest soufflera un peu, avec 19 km\/h. Le matin, le mercure affichera 14\u00b0C en moyenne. Toujours de la grisaille l&rsquo;apr\u00e8s-midi. Les nuages vont s&rsquo;attarder. Les valeurs seront de 14\u00b0C au plus bas et de 16\u00b0C au maximum. On notera la pr\u00e9sence persistante de nuages le soir. La m\u00e9t\u00e9o sera ponctu\u00e9e par des pluies \u00e9parses. On pr\u00e9voit des temp\u00e9ratures d&rsquo;environ 12\u00b0C. Le ciel sera limpide dans la nuit de dimanche \u00e0 lundi.<\/p>\n<p>Demain, le vent va progressivement \u00e9loigner les nuages \u00e0 Lille. Il fera environ 13\u00b0C. Un vent de sud-est rafra\u00eechira quelque peu l&rsquo;atmosph\u00e8re. Dans la matin\u00e9e, les temp\u00e9ratures seront de 12\u00b0C. Un temps plus chaud est pr\u00e9vu demain apr\u00e8s-midi \u00e9tant donn\u00e9 que les temp\u00e9ratures vont conna\u00eetre une hausse. Les valeurs s&rsquo;\u00e9chelonneront de 17 \u00e0 18\u00b0C. Le ciel sera relativement lumineux, avec quelques \u00e9claircies demain soir.<\/p>\n<p>Le temps des journ\u00e9es suivantes va changer peu \u00e0 peu. M\u00eame si le beau temps persistera un peu mardi, il faut pr\u00e9voir une d\u00e9gradation par la suite.<\/p>\n<p><\/p>\n","protected":false},"excerpt":{"rendered":"La grisaille ne se disperse toujours pas, il y aura encore des nuages aujourd&rsquo;hui. Mauvais temps \u00e0 Lille&hellip;\n","protected":false},"author":2,"featured_media":21106,"comment_status":"","ping_status":"","sticky":false,"template":"","format":"standard","meta":{"footnotes":""},"categories":[2815],"tags":[1111,11,1777,674,1011,27,811,1307,12,1308,1309,2119,25],"class_list":{"0":"post-21105","1":"post","2":"type-post","3":"status-publish","4":"format-standard","5":"has-post-thumbnail","7":"category-lille","8":"tag-actu","9":"tag-actualites","10":"tag-eu","11":"tag-europe","12":"tag-fr","13":"tag-france","14":"tag-hauts-de-france","15":"tag-lille","16":"tag-news","17":"tag-nord","18":"tag-nord-pas-de-calais","19":"tag-previsions-meteo","20":"tag-republique-francaise"},"share_on_mastodon":{"url":"https:\/\/pubeurope.com\/@fr\/114328189423316957","error":""},"_links":{"self":[{"href":"https:\/\/www.europesays.com\/fr\/wp-json\/wp\/v2\/posts\/21105","targetHints":{"allow":["GET"]}}],"collection":[{"href":"https:\/\/www.europesays.com\/fr\/wp-json\/wp\/v2\/posts"}],"about":[{"href":"https:\/\/www.europesays.com\/fr\/wp-json\/wp\/v2\/types\/post"}],"author":[{"embeddable":true,"href":"https:\/\/www.europesays.com\/fr\/wp-json\/wp\/v2\/users\/2"}],"replies":[{"embeddable":true,"href":"https:\/\/www.europesays.com\/fr\/wp-json\/wp\/v2\/comments?post=21105"}],"version-history":[{"count":0,"href":"https:\/\/www.europesays.com\/fr\/wp-json\/wp\/v2\/posts\/21105\/revisions"}],"wp:featuredmedia":[{"embeddable":true,"href":"https:\/\/www.europesays.com\/fr\/wp-json\/wp\/v2\/media\/21106"}],"wp:attachment":[{"href":"https:\/\/www.europesays.com\/fr\/wp-json\/wp\/v2\/media?parent=21105"}],"wp:term":[{"taxonomy":"category","embeddable":true,"href":"https:\/\/www.europesays.com\/fr\/wp-json\/wp\/v2\/categories?post=21105"},{"taxonomy":"post_tag","embeddable":true,"href":"https:\/\/www.europesays.com\/fr\/wp-json\/wp\/v2\/tags?post=21105"}],"curies":[{"name":"wp","href":"https:\/\/api.w.org\/{rel}","templated":true}]}}