{"id":211050,"date":"2025-06-28T14:01:12","date_gmt":"2025-06-28T14:01:12","guid":{"rendered":"https:\/\/www.europesays.com\/fr\/211050\/"},"modified":"2025-06-28T14:01:12","modified_gmt":"2025-06-28T14:01:12","slug":"patrick-bruel-ouvre-un-hotel-de-luxe-et-ca-commence-tres-tres-mal","status":"publish","type":"post","link":"https:\/\/www.europesays.com\/fr\/211050\/","title":{"rendered":"Patrick Bruel ouvre un h\u00f4tel de luxe et \u00e7a commence tr\u00e8s, tr\u00e8s mal"},"content":{"rendered":"<p class=\"p1\">La Venise Comtadine. C&rsquo;est ainsi que l&rsquo;on surnomme<br \/>\n<strong>l&rsquo;Isle-sur-la-Sorgue<\/strong>, une paisible commune situ\u00e9e<br \/>\ndans le sud-est de la France, <strong>dans les environs<br \/>\nd&rsquo;Avignon<\/strong>. <a href=\"https:\/\/www.closermag.fr\/people\/patrick-bruel-ouvre-un-hotel-de-luxe-a-lisle-sur-la-sorgue-son-premier-client-est-une-superstar-3557055\" target=\"_blank\" rel=\"noopener\"><br \/>\nPatrick Bruel<\/a> a choisi ce petit coin de paradis bord\u00e9e par une<br \/>\nrivi\u00e8re pour y s\u00e9journer loin du tumulte parisien. Mais pas<br \/>\nque.<\/p>\n<p class=\"p1\">Le chanteur a d\u00e9cid\u00e9 d&rsquo;<strong>y ouvrir un h\u00f4tel 5<br \/>\n\u00e9toiles<\/strong> o\u00f9 l&rsquo;on prendra soin de chaque client \u00ab\u00a0comme<br \/>\nun ami\u00a0\u00bb. L&rsquo;\u00e9tablissement h\u00f4telier comprendra 49 chambres, dont<br \/>\n11 suites, mais aussi un restaurant gastronomique, une piscine<br \/>\next\u00e9rieur, ainsi qu&rsquo;un bar \u00e0 cocktail et un SPA o\u00f9 se<br \/>\npr\u00e9lasser.<\/p>\n<p>Patrick Bruel : quand ouvrira son h\u00f4tel de luxe ?<\/p>\n<p>Patrick Bruel l&rsquo;avait promis : son luxueux h\u00f4tel<br \/>\n<strong>ouvrirait le dernier week-end du mois de juin.<\/strong> Il<br \/>\nest pourtant inutile d&rsquo;esp\u00e9rer y passer cette fin de semaine. En<br \/>\neffet, l&rsquo;\u00e9tablissement n&rsquo;est <strong>pas encore en mesure<br \/>\nd&rsquo;accueillir de la client\u00e8le<\/strong>, comme l&rsquo;a r\u00e9v\u00e9l\u00e9 <a href=\"https:\/\/www.closermag.fr\/people\/patrick-bruel-je-peux-arriver-a-23-heures-quel-est-son-restaurant-prefere-doublement-etoile-3549530\" target=\"_blank\" rel=\"noopener\"><br \/>\nle chanteur de 66 ans<\/a> dans une story publi\u00e9e sur Instagram, ce<br \/>\nvendredi 27 juin.<\/p>\n<p>\u00ab\u00a0L\u2019Isle de Leos&#8230; Un r\u00eave devenu r\u00e9alit\u00e9. Un \u00e9crin au<br \/>\nmilieu de l\u2019un des plus embl\u00e9matiques villages de Provence. Cet<br \/>\nemplacement exceptionnel n\u00e9cessite la plus haute exigence\u00a0\u00bb,<br \/>\nindique un communiqu\u00e9 relay\u00e9 via les r\u00e9seaux sociaux en d\u00e9but de<br \/>\nweek-end. Il va donc falloir prendre son mal en patience&#8230;<\/p>\n<p>Patrick Bruel : pourquoi \u00e7a commence<br \/>\ntr\u00e8s mal ?<\/p>\n<p>Dans cette m\u00eame publication, Patrick Bruel mentionne <strong>des<br \/>\n\u00ab\u00a0<\/strong><strong>retards sur les travaux et les<br \/>\nlivraisons<\/strong>, plus <strong>une succession de<br \/>\ncontretemps<\/strong>\u00ab\u00a0. \u00ab\u00a0Nous ne sommes <strong>pas en<br \/>\nmesure d\u2019ouvrir \u00e0 la date pr\u00e9vue<\/strong> et d\u2019offrir \u00e0 nos clients<br \/>\nl\u2019accueil, le service et la perfection qui s\u2019imposent\u00a0\u00bb,<br \/>\nd\u00e9plore l&rsquo;interpr\u00e8te de Place des grands hommes.<\/p>\n<p>\u00ab\u00a0L\u2019Isle de Leos et son propri\u00e9taire ne transigeront jamais<br \/>\navec la qualit\u00e9 et la s\u00e9curit\u00e9. Nous d\u00e9calons donc, avec beaucoup<br \/>\nde regrets et toutes nos excuses, notre ouverture de quelques<br \/>\njours\u00a0\u00bb, peut-on \u00e9galement lire sur Instagram. L&rsquo;\u00e9tablissement<br \/>\n5 \u00e9toiles devrait probablement ouvrir ses portes <strong>aux<br \/>\nalentours de la f\u00eate nationale<\/strong>. Il sera alors possible de<br \/>\nprofiter d&rsquo;<strong>un d\u00e9licieux cocktail<\/strong>, de d\u00e9guster des<br \/>\n<a href=\"https:\/\/www.marmiton.org\/recettes\/album1354918\/nos-recettes-provencales-0.html\" target=\"_blank\" rel=\"noopener\"><br \/>\nsp\u00e9cialit\u00e9s proven\u00e7ales<\/a> et d&rsquo;un brunch copieux ou encore de<br \/>\nprofiter de <strong>douches sensorielles<\/strong> \u00e0 la pointe de la<br \/>\ntechnologie. Rendez-vous d&rsquo;ici la mi-juillet, donc !<\/p>\n","protected":false},"excerpt":{"rendered":"La Venise Comtadine. C&rsquo;est ainsi que l&rsquo;on surnomme l&rsquo;Isle-sur-la-Sorgue, une paisible commune situ\u00e9e dans le sud-est de la&hellip;\n","protected":false},"author":2,"featured_media":211051,"comment_status":"","ping_status":"","sticky":false,"template":"","format":"standard","meta":{"footnotes":""},"categories":[1359],"tags":[548,58,59,1011,27,5473,973],"class_list":{"0":"post-211050","1":"post","2":"type-post","3":"status-publish","4":"format-standard","5":"has-post-thumbnail","7":"category-people","8":"tag-article-simple","9":"tag-divertissement","10":"tag-entertainment","11":"tag-fr","12":"tag-france","13":"tag-patrick-bruel","14":"tag-people"},"share_on_mastodon":{"url":"","error":""},"_links":{"self":[{"href":"https:\/\/www.europesays.com\/fr\/wp-json\/wp\/v2\/posts\/211050","targetHints":{"allow":["GET"]}}],"collection":[{"href":"https:\/\/www.europesays.com\/fr\/wp-json\/wp\/v2\/posts"}],"about":[{"href":"https:\/\/www.europesays.com\/fr\/wp-json\/wp\/v2\/types\/post"}],"author":[{"embeddable":true,"href":"https:\/\/www.europesays.com\/fr\/wp-json\/wp\/v2\/users\/2"}],"replies":[{"embeddable":true,"href":"https:\/\/www.europesays.com\/fr\/wp-json\/wp\/v2\/comments?post=211050"}],"version-history":[{"count":0,"href":"https:\/\/www.europesays.com\/fr\/wp-json\/wp\/v2\/posts\/211050\/revisions"}],"wp:featuredmedia":[{"embeddable":true,"href":"https:\/\/www.europesays.com\/fr\/wp-json\/wp\/v2\/media\/211051"}],"wp:attachment":[{"href":"https:\/\/www.europesays.com\/fr\/wp-json\/wp\/v2\/media?parent=211050"}],"wp:term":[{"taxonomy":"category","embeddable":true,"href":"https:\/\/www.europesays.com\/fr\/wp-json\/wp\/v2\/categories?post=211050"},{"taxonomy":"post_tag","embeddable":true,"href":"https:\/\/www.europesays.com\/fr\/wp-json\/wp\/v2\/tags?post=211050"}],"curies":[{"name":"wp","href":"https:\/\/api.w.org\/{rel}","templated":true}]}}