{"id":211052,"date":"2025-06-28T14:02:12","date_gmt":"2025-06-28T14:02:12","guid":{"rendered":"https:\/\/www.europesays.com\/fr\/211052\/"},"modified":"2025-06-28T14:02:12","modified_gmt":"2025-06-28T14:02:12","slug":"il-expose-devant-chez-lui-de-vieilles-photos-de-guerande","status":"publish","type":"post","link":"https:\/\/www.europesays.com\/fr\/211052\/","title":{"rendered":"il expose devant chez lui de vieilles photos de Gu\u00e9rande"},"content":{"rendered":"<p>            Par<br \/>\n        <strong><br \/>\n            <a href=\"https:\/\/actu.fr\/auteur\/journaliste-ehpg\" title=\"Consulter tous les articles de R\u00e9daction Gu\u00e9rande\" target=\"_blank\" rel=\"noopener\">R\u00e9daction Gu\u00e9rande<\/a><br \/>\n        <\/strong><\/p>\n<p>        Publi\u00e9 le<\/p>\n<p>            28 juin 2025 \u00e0 8h16        <\/p>\n<p>C\u2019est \u00e0 la disposition des regards, pour peu qu\u2019il ne pleuve pas. Dans cette rue de <a href=\"https:\/\/actu.fr\/pays-de-la-loire\/guerande_44069\" target=\"_blank\" rel=\"noopener\">Gu\u00e9rande<\/a> (Loire-Atlantique), un habitant expose devant sa porte, visible de la rue, de vieilles photographies de Gu\u00e9rande. Un tr\u00e9sor de souvenirs.<\/p>\n<p>Gu\u00e9rande d\u2019antan<\/p>\n<p class=\" wall-content\">\u00ab\u2009Gu\u00e9randais de 77\u00a0ans, mais 10\u00a0ans mentalement, j\u2019ai gard\u00e9 mon \u00e2me d\u2019enfant\u2009\u00bb.<\/p>\n<p class=\" wall-content\">Voil\u00e0 comment se d\u00e9crit Alain Qu\u00e9rel, habitant de Gu\u00e9rande.<\/p>\n<p class=\" wall-content\">Son truc \u00e0 lui, ce sont les photographies anciennes et plus particuli\u00e8rement de Gu\u00e9rande, de ses rues, de ses anciens commerces. Sans compter celles des Gu\u00e9randais qu\u2019il a bien connus du fait de sa profession qu\u2019il a exerc\u00e9e toute sa vie, depuis l\u2019\u00e2ge de 16\u00a0ans\u2009: marbrier fun\u00e9raire.<\/p>\n<blockquote class=\"ac-article-quote wall-content\">\n<p>Beaucoup de familles m\u2019ont confi\u00e9 des photos. J\u2019ai re\u00e7u aussi des dons de particuliers. J\u2019ai retransmis des copies de l\u2019ensemble aux Amis de Gu\u00e9rande.<\/p>\n<p>Alain Qu\u00e9rel<\/p><\/blockquote>\n<p>Vid\u00e9os : en ce moment sur Actu<br \/>\n    <img   decoding=\"async\" loading=\"lazy\" class=\"size-large\" src=\"https:\/\/www.europesays.com\/fr\/wp-content\/uploads\/2025\/06\/692eb53bd5386f83eb53bd5380f3ebv-960x640.jpg\" alt=\"Alain Querel\" width=\"960\" height=\"640\"\/><br \/>\n    Les photos de la collection d\u2019Alain Qu\u00e9rel qui retracent la vie Gu\u00e9randaise depuis 75\u00a0ans \u00a9Jean-Pierre RiouDes photos \u00e0 la vue de tous<\/p>\n<p class=\" wall-content\">Alain Qu\u00e9rel a accumul\u00e9 des centaines de photos anciennes, pas pour les regarder seul, mais pour les partager et discuter des temps anciens avec ses visiteurs. Par plaisir, il les installe devant son garage, le long de la rue, les jours de beau temps.<\/p>\n<blockquote class=\"ac-article-quote wall-content\">\n<p>Des gens s\u2019arr\u00eatent et c\u2019est une occasion d\u2019\u00e9changer avec les passants ou ceux qui sont venus sp\u00e9cialement pour voir les photos. C\u2019est mon lien social.<\/p>\n<\/blockquote>\n<p>Class\u00e9es par th\u00e8mes<\/p>\n<p class=\" wall-content\">Class\u00e9es par th\u00e8mes, les photos retracent la vie gu\u00e9randaise.<\/p>\n<p class=\" wall-content\">Alain Qu\u00e9rel est intarissable. Il conna\u00eet la totalit\u00e9 des personnes photographi\u00e9es, parfois \u00e0 diff\u00e9rents moments de leur existence, de l\u2019enfance \u00e0 la vieillesse, leur histoire, leur profession, leur famille, leur vie.<\/p>\n<p>L\u2019imprimerie de l\u2019\u00c9cho de la presqu\u2019\u00eele<\/p>\n<p class=\" wall-content\">On y parcourt les rues, les \u00e9coles, le cercle celtique, le club de football, l\u2019h\u00f4pital, la gare pr\u00e8s de laquelle Alain Qu\u00e9rel est n\u00e9, les pompiers, la campagne et les paysans, les commerces, ou encore la Lib\u00e9ration de Gu\u00e9rande. Il a aussi des photos de l\u2019imprimerie de La Presqu\u2019\u00eele Gu\u00e9randaise, anc\u00eatre de L\u2019\u00c9cho de la Presqu\u2019\u00eele, et de ses imprimeurs.<\/p>\n<p>    <img   decoding=\"async\" loading=\"lazy\" class=\"size-large\" src=\"https:\/\/www.europesays.com\/fr\/wp-content\/uploads\/2025\/06\/2f4849c3fe486835849c3fe4887584v-739x640.jpg\" alt=\"Alain Bernard imprimeur \u00e0 l'imprimerie de La Presqu'\u00eele gu\u00e9randaise\" width=\"739\" height=\"640\"\/><br \/>\n    L\u2019imprimerie de La Presqu\u2019\u00eele gu\u00e9randaise \u00a9Collection Alain Qu\u00e9relMise en valeur des souvenirs<\/p>\n<p class=\" wall-content\">Alain Qu\u00e9rel a reconstitu\u00e9 un circuit complet qui chemine l\u2019intra-muros, les faubourgs, les magasins historiques de la place Saint-Aubin, de la rue de Saill\u00e9 o\u00f9 il a v\u00e9cu son enfance, ou de la place du Pilori, \u00ab\u2009les lieux, mais aussi les gens, et surtout, les Gu\u00e9randais, de la naissance \u00e0 la derni\u00e8re demeure. C\u2019est une mise en valeur des souvenirs. Pour moi, c\u2019est aussi s\u2019\u00e9vader du fun\u00e9raire\u2009\u00bb indique-t-il.<\/p>\n<p>    <img   decoding=\"async\" loading=\"lazy\" class=\"size-large\" src=\"https:\/\/www.europesays.com\/fr\/wp-content\/uploads\/2025\/06\/9259a1ecd5386a659a1ecd5387a59av-960x640.jpg\" alt=\"Alain Querel\" width=\"960\" height=\"640\"\/><br \/>\n    Alain Qu\u00e9rel, \u00e2g\u00e9 de quelques mois, en 1948, avec sa famille \u00a9Jean-Pierre Riou<\/p>\n<p class=\" wall-content\">Dans son garage am\u00e9nag\u00e9 en havre de paix, avec un grand fauteuil confortable, il \u00e9coute de la musique, entour\u00e9 de ses soldats de plomb et de sa collection de bande dessin\u00e9e, en regardant les photos. \u00ab\u2009Ainsi, je suis avec les Gu\u00e9randais\u2009\u00bb.<\/p>\n<p class=\" wall-content\">Pour d\u00e9couvrir ces photos du pass\u00e9 gu\u00e9randais, voir ou revoir des lieux et des gens et retrouver ses madeleines de Proust, c\u2019est \u00e0 la rencontre d\u2019Alain Qu\u00e9rel qu\u2019il faut aller, au 16 rue de l\u2019\u00eele de R\u00e9, avec simplicit\u00e9 et spontan\u00e9it\u00e9.<\/p>\n<p>Alain Qu\u00e9rel expose les photos devant chez lui, 16, all\u00e9e de l\u2019\u00eele de R\u00e9, sans planification pr\u00e9cise-t-il.<\/p>\n<p class=\" wall-content\">Suivez toute l\u2019actualit\u00e9 de vos villes et m\u00e9dias favoris en vous inscrivant \u00e0 <a href=\"https:\/\/moncompte.actu.fr\" title=\"D\u00e9couvez Mon Actu\" rel=\"nofollow noopener\" data-trk=\"{&quot;cta&quot;:{&quot;action&quot;:&quot;https:\\\/\\\/moncompte.actu.fr&quot;,&quot;category&quot;:&quot;mon compte&quot;,&quot;from&quot;:&quot;article footer&quot;,&quot;name&quot;:&quot;Mon actu&quot;,&quot;type&quot;:&quot;cta&quot;}}\" target=\"_blank\">Mon Actu<\/a>.<\/p>\n<ul class=\"ac-article-tag wall-content\">\n<li><a href=\"https:\/\/actu.fr\/tag\/photographie\" data-trk=\"{&quot;cta&quot;:{&quot;action&quot;:&quot;Photographie&quot;,&quot;category&quot;:&quot;tag&quot;,&quot;from&quot;:&quot;article footer&quot;,&quot;name&quot;:&quot;Photographie&quot;,&quot;type&quot;:&quot;cta&quot;}}\" target=\"_blank\" rel=\"noopener\">#Photographie<\/a><\/li>\n<li><a href=\"https:\/\/actu.fr\/tag\/presquile-de-guerande\" data-trk=\"{&quot;cta&quot;:{&quot;action&quot;:&quot;Presqu&#039;\\u00eele de Gu\\u00e9rande&quot;,&quot;category&quot;:&quot;tag&quot;,&quot;from&quot;:&quot;article footer&quot;,&quot;name&quot;:&quot;Presqu&#039;\\u00eele de Gu\\u00e9rande&quot;,&quot;type&quot;:&quot;cta&quot;}}\" target=\"_blank\" rel=\"noopener\">#Presqu&rsquo;\u00eele de Gu\u00e9rande<\/a><\/li>\n<\/ul>\n","protected":false},"excerpt":{"rendered":"Par R\u00e9daction Gu\u00e9rande Publi\u00e9 le 28 juin 2025 \u00e0 8h16 C\u2019est \u00e0 la disposition des regards, pour peu&hellip;\n","protected":false},"author":2,"featured_media":211053,"comment_status":"","ping_status":"","sticky":false,"template":"","format":"standard","meta":{"footnotes":""},"categories":[1358],"tags":[1348,1384,1385,1386,58,59,1011,27,1757,1756,30044],"class_list":{"0":"post-211052","1":"post","2":"type-post","3":"status-publish","4":"format-standard","5":"has-post-thumbnail","7":"category-arts-et-design","8":"tag-arts","9":"tag-arts-and-design","10":"tag-arts-et-design","11":"tag-design","12":"tag-divertissement","13":"tag-entertainment","14":"tag-fr","15":"tag-france","16":"tag-insolite","17":"tag-photographie","18":"tag-presquile-de-guerande"},"share_on_mastodon":{"url":"","error":""},"_links":{"self":[{"href":"https:\/\/www.europesays.com\/fr\/wp-json\/wp\/v2\/posts\/211052","targetHints":{"allow":["GET"]}}],"collection":[{"href":"https:\/\/www.europesays.com\/fr\/wp-json\/wp\/v2\/posts"}],"about":[{"href":"https:\/\/www.europesays.com\/fr\/wp-json\/wp\/v2\/types\/post"}],"author":[{"embeddable":true,"href":"https:\/\/www.europesays.com\/fr\/wp-json\/wp\/v2\/users\/2"}],"replies":[{"embeddable":true,"href":"https:\/\/www.europesays.com\/fr\/wp-json\/wp\/v2\/comments?post=211052"}],"version-history":[{"count":0,"href":"https:\/\/www.europesays.com\/fr\/wp-json\/wp\/v2\/posts\/211052\/revisions"}],"wp:featuredmedia":[{"embeddable":true,"href":"https:\/\/www.europesays.com\/fr\/wp-json\/wp\/v2\/media\/211053"}],"wp:attachment":[{"href":"https:\/\/www.europesays.com\/fr\/wp-json\/wp\/v2\/media?parent=211052"}],"wp:term":[{"taxonomy":"category","embeddable":true,"href":"https:\/\/www.europesays.com\/fr\/wp-json\/wp\/v2\/categories?post=211052"},{"taxonomy":"post_tag","embeddable":true,"href":"https:\/\/www.europesays.com\/fr\/wp-json\/wp\/v2\/tags?post=211052"}],"curies":[{"name":"wp","href":"https:\/\/api.w.org\/{rel}","templated":true}]}}