{"id":211056,"date":"2025-06-28T14:04:08","date_gmt":"2025-06-28T14:04:08","guid":{"rendered":"https:\/\/www.europesays.com\/fr\/211056\/"},"modified":"2025-06-28T14:04:08","modified_gmt":"2025-06-28T14:04:08","slug":"ligue-1-canal-plus-renonce-a-diffuser-la-future-chaine","status":"publish","type":"post","link":"https:\/\/www.europesays.com\/fr\/211056\/","title":{"rendered":"Ligue 1 : Canal Plus renonce \u00e0 diffuser la future cha\u00eene"},"content":{"rendered":"<p>                            <img width=\"770\" height=\"433\" src=\"https:\/\/www.europesays.com\/fr\/wp-content\/uploads\/2025\/06\/CanalL1-770x433.jpg\" class=\"attachment-article size-article wp-post-image\" alt=\"Un micro Canal Plus en Ligue 1\" decoding=\"async\" fetchpriority=\"high\"  \/><\/p>\n<p>Un micro Canal Plus en Ligue 1 (Photo by JEAN-SEBASTIEN EVRARD \/ AFP)<\/p>\n<p>Un temps esp\u00e9r\u00e9 pour \u00eatre l\u2019un des diffuseurs de la future cha\u00eene 100% Ligue 1, Canal Plus a finalement fait marche arri\u00e8re. Sur fond de d\u00e9saccord sur le prix d\u2019abonnement, le groupe annonce renoncer \u00e0 la distribution.<\/p>\n<p>C\u2019est un feuilleton sans fin. Avec le\u00a0<a href=\"https:\/\/www.olympique-et-lyonnais.com\/ol-droits-tv-accord-lfp-dazn-sur-la-fin-du-contrat-de-diffusion,360753.html\" rel=\"nofollow noopener\" target=\"_blank\">retrait<\/a>\u00a0de\u00a0DAZN\u00a0et la volont\u00e9 des pr\u00e9sidents de club de miser sur la fameuse cha\u00eene 100% Ligue 1, pourtant rejet\u00e9e il y a un an, on se disait que le football fran\u00e7ais allait r\u00e9ussir \u00e0 se sortir de cette impasse des droits TV. D\u2019autant plus que\u00a0Canal Plus\u00a0\u00e9tait pr\u00eat \u00e0 revenir dans le paysage. Tout \u00e9tait trop beau pour devenir une r\u00e9alit\u00e9 pour l\u2019<strong>OL<\/strong>\u00a0et les autres formations de l\u2019\u00e9lite. Quand le 100% Ligue 1 s\u2019\u00e9tait d\u00e9j\u00e0 transform\u00e9 en un\u00a0<a href=\"https:\/\/www.olympique-et-lyonnais.com\/ol-droits-tv-une-chaine-pas-totalement-100-ligue-1,367225.html\" rel=\"nofollow noopener\" target=\"_blank\">huit affiches sur neuf<\/a>, puisque\u00a0beIN Sports\u00a0conserverait sa case du samedi, voil\u00e0 que\u00a0Canal Plus\u00a0a fait machine arri\u00e8re.<\/p>\n<p>Dans une interview accord\u00e9e \u00e0\u00a0L\u2019\u00c9quipe, Maxime\u00a0<strong>Saada<\/strong>\u00a0a confirm\u00e9 le retrait du groupe pour devenir l\u2019un des diffuseurs de cette nouvelle cha\u00eene.\u00a0\u00ab\u00a0Le rendez-vous avec LFP M\u00e9dia ? Il n\u2019aura pas lieu. Nous avons inform\u00e9 la Ligue ce vendredi. C\u2019est un rendez-vous manqu\u00e9, Canal+ jette l\u2019\u00e9ponge. Nous avons choisi de renoncer. \u00c0 date, nous consid\u00e9rons que les conditions ne sont pas r\u00e9unies pour que Canal+ distribue la nouvelle plateforme de la Ligue 1.\u00a0\u00bb<\/p>\n<p>\u00ab\u00a0Il faut apprendre des erreurs avec DAZN\u00a0\u00bb<\/p>\n<p>Pourquoi un tel retournement de situation ? Diffuseur historique du football fran\u00e7ais, Canal + n\u2019accompagnera pas le projet men\u00e9 par Nicolas\u00a0<strong>de Tavernost<\/strong>\u00a0en raison de divergences sur les annonces faites par la LFP sur les grandes lignes de ce projet. :\u00a0\u00ab\u00a0Notre plus gros d\u00e9saccord ? Le prix de l\u2019abonnement,\u00a0avoue le pr\u00e9sident du groupe.\u00a0C\u2019est le premier sujet de d\u00e9saccord profond entre nous. Le pass 100% Coupes d\u2019Europe est \u00e0 10\u20ac chez nous. On voit mal comment vendre une cha\u00eene qui ne comporte pas la totalit\u00e9 de la L1 la premi\u00e8re ann\u00e9e (8 matches sur 9 par journ\u00e9e) autour de 20\u20ac, comme \u00e9voqu\u00e9 par la Ligue. C\u2019est trop \u00e9lev\u00e9.\u00a0\u00bb<\/p>\n<p>\u00c0 ces chiffres, Canal Plus pointe \u00e9galement le manque de projection qu\u2019offrait cette collaboration. La LFP Media avait la possibilit\u00e9 de sortir de l\u2019affaire au bout de deux ans. Inenvisageable pour Maxime\u00a0<strong>Saada<\/strong>.\u00a0\u00ab\u00a0Qu\u2019est-ce qu\u2019on construit en deux ans ? C\u2019est une logique incompatible avec notre volont\u00e9 de reconstruction et d\u2019apporter le plus grand nombre d\u2019abonn\u00e9s possible \u00e0 la chaine de la L1 au terme des quatre ans. J\u2019aimais cette id\u00e9e de redevenir un partenaire de premier plan.\u00a0\u00bb\u00a0Ce ne sera pas le cas, du moins pour le moment.<\/p>\n","protected":false},"excerpt":{"rendered":"Un micro Canal Plus en Ligue 1 (Photo by JEAN-SEBASTIEN EVRARD \/ AFP) Un temps esp\u00e9r\u00e9 pour \u00eatre&hellip;\n","protected":false},"author":2,"featured_media":211057,"comment_status":"","ping_status":"","sticky":false,"template":"","format":"standard","meta":{"footnotes":""},"categories":[1356],"tags":[58,59,1011,27,66,241,978,252,1364],"class_list":{"0":"post-211056","1":"post","2":"type-post","3":"status-publish","4":"format-standard","5":"has-post-thumbnail","7":"category-television","8":"tag-divertissement","9":"tag-entertainment","10":"tag-fr","11":"tag-france","12":"tag-ligue-1","13":"tag-ol","14":"tag-olympique-lyonnais","15":"tag-television","16":"tag-tv"},"share_on_mastodon":{"url":"","error":""},"_links":{"self":[{"href":"https:\/\/www.europesays.com\/fr\/wp-json\/wp\/v2\/posts\/211056","targetHints":{"allow":["GET"]}}],"collection":[{"href":"https:\/\/www.europesays.com\/fr\/wp-json\/wp\/v2\/posts"}],"about":[{"href":"https:\/\/www.europesays.com\/fr\/wp-json\/wp\/v2\/types\/post"}],"author":[{"embeddable":true,"href":"https:\/\/www.europesays.com\/fr\/wp-json\/wp\/v2\/users\/2"}],"replies":[{"embeddable":true,"href":"https:\/\/www.europesays.com\/fr\/wp-json\/wp\/v2\/comments?post=211056"}],"version-history":[{"count":0,"href":"https:\/\/www.europesays.com\/fr\/wp-json\/wp\/v2\/posts\/211056\/revisions"}],"wp:featuredmedia":[{"embeddable":true,"href":"https:\/\/www.europesays.com\/fr\/wp-json\/wp\/v2\/media\/211057"}],"wp:attachment":[{"href":"https:\/\/www.europesays.com\/fr\/wp-json\/wp\/v2\/media?parent=211056"}],"wp:term":[{"taxonomy":"category","embeddable":true,"href":"https:\/\/www.europesays.com\/fr\/wp-json\/wp\/v2\/categories?post=211056"},{"taxonomy":"post_tag","embeddable":true,"href":"https:\/\/www.europesays.com\/fr\/wp-json\/wp\/v2\/tags?post=211056"}],"curies":[{"name":"wp","href":"https:\/\/api.w.org\/{rel}","templated":true}]}}