{"id":211058,"date":"2025-06-28T14:05:09","date_gmt":"2025-06-28T14:05:09","guid":{"rendered":"https:\/\/www.europesays.com\/fr\/211058\/"},"modified":"2025-06-28T14:05:09","modified_gmt":"2025-06-28T14:05:09","slug":"oklou-la-star-mondiale-que-la-france-na-pas-vue-venir-2","status":"publish","type":"post","link":"https:\/\/www.europesays.com\/fr\/211058\/","title":{"rendered":"Oklou, la star mondiale que la France n\u2019a pas vue venir"},"content":{"rendered":"<p class=\"mb-4 text-lg md:leading-8 break-words\">Une jambe g\u00e9ante moul\u00e9e dans un talon rouge \u00e9merge d&rsquo;un sol californien aride. Adoss\u00e9e \u00e0 elle, Billie Eilish, capuche militaire, regard bleu acier, et pose nonchalante. <a class=\"link \" href=\"https:\/\/www.vogue.co.uk\/article\/editors-letter-british-vogue-may-2025\" rel=\"nofollow noopener\" target=\"_blank\" data-ylk=\"slk:En couverture;elm:context_link;itc:0;sec:content-canvas\">En couverture<\/a> de Vogue dat\u00e9 du mois de mai, la reine de la pop de 23\u00a0ans toise l&rsquo;objectif. Et dans les pages du magazine, quand on lui demande ce qui l&rsquo;enthousiasme, une phrase fuse\u00a0: \u00ab\u00a0Oklou me fait trop kiffer. Honn\u00eatement, c&rsquo;est la premi\u00e8re \u00e0 m&rsquo;enthousiasmer comme \u00e7a depuis longtemps.\u00a0\u00bb<\/p>\n<p class=\"mb-4 text-lg md:leading-8 break-words\">En France, le nom intrigue, on s&rsquo;interroge\u00a0: qui est cette Marylou Mayniel, alias Oklou, chanteuse-autrice-compositrice-productrice discr\u00e8te de 32\u00a0ans venue de Poitiers, que s&rsquo;arrachent Caroline Polachek, Rosal\u00eda et maintenant Billie Eilish\u00a0? Longtemps inconnue du grand public, elle s&rsquo;est hiss\u00e9e, en janvier, dans le top\u00a010\u00a0mondial de Spotify avec Choke Enough, son deuxi\u00e8me album. Alors que les sollicitations affluent, elle dispara\u00eet, \u00e9teint son t\u00e9l\u00e9phone, donne naissance \u00e0 son premier enfant \u2013 et se terre dans le calme de sa maison d&rsquo;Aubervilliers, fid\u00e8le \u00e0 une m\u00e9thode rare dans ce milieu\u00a0: avancer en biais, sans forcer.<\/p>\n<p class=\"mb-4 text-lg md:leading-8 break-words\">Pour comprendre ce ph\u00e9nom\u00e8ne que les m\u00e9dias fran\u00e7ais n&rsquo;ont pas vu venir, on a remont\u00e9 la piste. De Poitiers \u00e0 Los Angeles, en passant par Londres et Paris. Lyc\u00e9e Victor-Hugo, premiers groupes, SoundCloud, radios associatives, concerts dans des caves. Ceux qui l&rsquo;ont vue d\u00e9buter racontent une trajectoire patiemment tiss\u00e9e en marge des circuits. Car ce que le march\u00e9 c\u00e9l\u00e8bre aujourd&rsquo;hui, en la [&#8230;] <a href=\"https:\/\/www.lepoint.fr\/pop-culture\/oklou-la-star-mondiale-que-la-france-n-a-pas-vue-venir-28-06-2025-2593168_2920.php\" rel=\"nofollow noopener\" target=\"_blank\" data-ylk=\"slk:Lire la suite;elm:context_link;itc:0;sec:content-canvas\" class=\"link \">Lire la suite<\/a><\/p>\n","protected":false},"excerpt":{"rendered":"Une jambe g\u00e9ante moul\u00e9e dans un talon rouge \u00e9merge d&rsquo;un sol californien aride. Adoss\u00e9e \u00e0 elle, Billie Eilish,&hellip;\n","protected":false},"author":2,"featured_media":211059,"comment_status":"","ping_status":"","sticky":false,"template":"","format":"standard","meta":{"footnotes":""},"categories":[1355],"tags":[11936,35072,58,59,1011,27,35071,35070,1361,873,35069,35073],"class_list":{"0":"post-211058","1":"post","2":"type-post","3":"status-publish","4":"format-standard","5":"has-post-thumbnail","7":"category-musique","8":"tag-billie-eilish","9":"tag-caroline-polachek","10":"tag-divertissement","11":"tag-entertainment","12":"tag-fr","13":"tag-france","14":"tag-lycee-victor-hugo","15":"tag-marylou-mayniel","16":"tag-music","17":"tag-musique","18":"tag-oklou","19":"tag-radios-associatives"},"share_on_mastodon":{"url":"","error":""},"_links":{"self":[{"href":"https:\/\/www.europesays.com\/fr\/wp-json\/wp\/v2\/posts\/211058","targetHints":{"allow":["GET"]}}],"collection":[{"href":"https:\/\/www.europesays.com\/fr\/wp-json\/wp\/v2\/posts"}],"about":[{"href":"https:\/\/www.europesays.com\/fr\/wp-json\/wp\/v2\/types\/post"}],"author":[{"embeddable":true,"href":"https:\/\/www.europesays.com\/fr\/wp-json\/wp\/v2\/users\/2"}],"replies":[{"embeddable":true,"href":"https:\/\/www.europesays.com\/fr\/wp-json\/wp\/v2\/comments?post=211058"}],"version-history":[{"count":0,"href":"https:\/\/www.europesays.com\/fr\/wp-json\/wp\/v2\/posts\/211058\/revisions"}],"wp:featuredmedia":[{"embeddable":true,"href":"https:\/\/www.europesays.com\/fr\/wp-json\/wp\/v2\/media\/211059"}],"wp:attachment":[{"href":"https:\/\/www.europesays.com\/fr\/wp-json\/wp\/v2\/media?parent=211058"}],"wp:term":[{"taxonomy":"category","embeddable":true,"href":"https:\/\/www.europesays.com\/fr\/wp-json\/wp\/v2\/categories?post=211058"},{"taxonomy":"post_tag","embeddable":true,"href":"https:\/\/www.europesays.com\/fr\/wp-json\/wp\/v2\/tags?post=211058"}],"curies":[{"name":"wp","href":"https:\/\/api.w.org\/{rel}","templated":true}]}}