{"id":211062,"date":"2025-06-28T14:07:12","date_gmt":"2025-06-28T14:07:12","guid":{"rendered":"https:\/\/www.europesays.com\/fr\/211062\/"},"modified":"2025-06-28T14:07:12","modified_gmt":"2025-06-28T14:07:12","slug":"le-teletravail-ameliore-votre-bonheur-voici-pourquoi","status":"publish","type":"post","link":"https:\/\/www.europesays.com\/fr\/211062\/","title":{"rendered":"le t\u00e9l\u00e9travail am\u00e9liore votre bonheur, voici pourquoi"},"content":{"rendered":"<p>Une \u00e9tude australienne d\u2019envergure, men\u00e9e sur quatre ann\u00e9es cons\u00e9cutives et initi\u00e9e avant m\u00eame que la pand\u00e9mie ne bouleverse nos habitudes, vient de livrer <a href=\"https:\/\/journals.plos.org\/plosone\/article?id=10.1371\/journal.pone.0248008\" target=\"_blank\" rel=\"noopener\">ses conclusions d\u00e9finitives<\/a>. Les chercheurs de l\u2019Universit\u00e9 d\u2019Australie du Sud sont cat\u00e9goriques\u00a0: <strong>travailler depuis son domicile am\u00e9liore significativement le bien-\u00eatre des employ\u00e9s<\/strong>.<\/p>\n<p>Cette recherche singuli\u00e8re pr\u00e9sente l\u2019avantage d\u2019avoir d\u00e9but\u00e9 avant la crise sanitaire, permettant d\u2019observer l\u2019\u00e9volution naturelle des comportements sans le biais du confinement impos\u00e9. Les r\u00e9sultats dessinent un tableau encourageant pour tous ceux qui ont fait le pari du travail \u00e0 distance, alors que des groupes comme <a href=\"https:\/\/www.presse-citron.net\/un-coup-de-massue-inattendu-free-prend-une-decision-radicale-sur-le-teletravail\/\" rel=\"false noopener\" target=\"_blank\">Free font aujourd\u2019hui le chemin inverse<\/a>.<\/p>\n<p> Quand le sommeil retrouve ses droits <\/p>\n<p>L\u2019un des premiers b\u00e9n\u00e9fices observ\u00e9s concerne la qualit\u00e9 du repos. Les t\u00e9l\u00e9travailleurs gagnent pr\u00e8s de trente minutes de sommeil suppl\u00e9mentaires chaque nuit. Cette am\u00e9lioration n\u2019est pas anodine quand on sait qu\u2019un Australien moyen consacrait 4,5 heures hebdomadaires \u00e0 ses d\u00e9placements professionnels avant la pand\u00e9mie.<\/p>\n<p>L\u2019\u00e9quation est simple\u00a0: <strong>moins de temps pass\u00e9 dans les transports \u00e9quivaut \u00e0 davantage d\u2019heures disponibles pour r\u00e9cup\u00e9rer<\/strong>. Les chercheurs soulignent que ces trajets quotidiens constituent une source majeure de stress et de fatigue, directement corr\u00e9l\u00e9e \u00e0 une d\u00e9gradation de la sant\u00e9 mentale. Leur suppression ou r\u00e9duction g\u00e9n\u00e8re un cercle vertueux imm\u00e9diat.<\/p>\n<p> Le temps lib\u00e9r\u00e9, un tr\u00e9sor \u00e0 r\u00e9investir <\/p>\n<p>Que deviennent ces heures pr\u00e9cieuses \u00e9conomis\u00e9es\u00a0? L\u2019analyse r\u00e9v\u00e8le une r\u00e9partition \u00e9quilibr\u00e9e de ce temps retrouv\u00e9. Une portion est naturellement r\u00e9investie dans l\u2019activit\u00e9 professionnelle, une autre dans les responsabilit\u00e9s familiales et domestiques. Mais voici le d\u00e9tail qui fait toute la diff\u00e9rence\u00a0: <strong>un tiers de ce temps lib\u00e9r\u00e9 est consacr\u00e9 aux loisirs<\/strong>.<\/p>\n<p>Cette donn\u00e9e rejoint les conclusions d\u2019\u00e9tudes espagnoles qui \u00e9voquent jusqu\u2019\u00e0 dix jours de temps libre suppl\u00e9mentaires par an pour les t\u00e9l\u00e9travailleurs. Les chercheurs australiens pr\u00e9cisent que cette disponibilit\u00e9 accrue favorise l\u2019activit\u00e9 physique et r\u00e9duit la s\u00e9dentarit\u00e9, cr\u00e9ant un effet domino positif sur la sant\u00e9 globale.<\/p>\n<p> L\u2019assiette se bonifie \u00e0 domicile <\/p>\n<p>La proximit\u00e9 de la cuisine a certes pu encourager le grignotage chez certains, mais l\u2019\u00e9tude met en lumi\u00e8re une tendance plus profonde vers des choix alimentaires plus sains. La consommation de l\u00e9gumes, fruits et produits laitiers a progress\u00e9, accompagn\u00e9e d\u2019une augmentation notable de la pr\u00e9paration de repas maison.<\/p>\n<p>Cette \u00e9volution t\u00e9moigne d\u2019une <strong>attention renouvel\u00e9e port\u00e9e \u00e0 la qualit\u00e9 nutritionnelle, facilit\u00e9e par la flexibilit\u00e9 horaire et l\u2019acc\u00e8s permanent \u00e0 sa propre cuisine<\/strong>. Les t\u00e9l\u00e9travailleurs d\u00e9veloppent ainsi une relation plus consciente et ma\u00eetris\u00e9e avec leur alimentation.<\/p>\n<p> Productivit\u00e9 : les pr\u00e9jug\u00e9s battus en br\u00e8che <\/p>\n<p>La question de l\u2019efficacit\u00e9 professionnelle cristallise souvent les r\u00e9ticences manag\u00e9riales. Pourtant, l\u2019\u00e9tude australienne, corrobor\u00e9e par d\u2019autres recherches internationales, d\u00e9montre que la performance se maintient, voire s\u2019am\u00e9liore en t\u00e9l\u00e9travail. Les craintes exprim\u00e9es par certains dirigeants masqueraient plut\u00f4t un d\u00e9ficit de m\u00e9thodes de management adapt\u00e9es au travail \u00e0 distance.<\/p>\n<p>Un \u00e9l\u00e9ment crucial \u00e9merge de cette analyse\u00a0: la distinction fondamentale entre t\u00e9l\u00e9travail subi et t\u00e9l\u00e9travail choisi. Lorsque cette modalit\u00e9 est impos\u00e9e, comme durant les confinements stricts, la sant\u00e9 mentale peut effectivement en p\u00e2tir. \u00c0 l\u2019inverse, quand les employ\u00e9s choisissent cette option, leur bien-\u00eatre s\u2019am\u00e9liore significativement, particuli\u00e8rement lorsqu\u2019ils b\u00e9n\u00e9ficient du soutien de leurs coll\u00e8gues et de leur entreprise.<\/p>\n<p>Les enseignements de cette \u00e9tude quadriennale invitent \u00e0 repenser fondamentalement l\u2019organisation du travail. Les employ\u00e9s \u00e9voluant selon un mod\u00e8le hybride ou enti\u00e8rement \u00e0 distance affichent une satisfaction professionnelle sup\u00e9rieure, confirmant l\u2019aspiration croissante \u00e0 plus de flexibilit\u00e9 et d\u2019autonomie.<\/p>\n<p>Le t\u00e9l\u00e9travail ne constitue pas une solution universelle, mais plut\u00f4t une option pr\u00e9cieuse capable de contribuer \u00e0 un environnement professionnel plus inclusif et adaptatif. Les chercheurs concluent que notre approche doit \u00e9voluer, embrassant la diversit\u00e9 des besoins et des styles de vie.<\/p>\n<p>Il ne s\u2019agit plus d\u2019opposer pr\u00e9sentiel et distanciel, mais de composer des solutions sur mesure, b\u00e9n\u00e9fiques tant pour les employ\u00e9s que pour les entreprises. Et tout le monde ira mieux en trouvant le bon \u00e9quilibre.<\/p>\n<blockquote>\n<p class=\"text-base text-neutral-700 dark:text-neutral-300\">\ud83d\udccd Pour ne manquer aucune actualit\u00e9 de Presse-citron, suivez-nous sur <a href=\"https:\/\/news.google.com\/publications\/CAAqBggKMIPiNTC70wU?hl=fr&amp;gl=FR&amp;ceid=FR%3Afr\" target=\"_blank\" rel=\"noopener\">Google Actualit\u00e9s<\/a> et <a href=\"https:\/\/whatsapp.com\/channel\/0029VaCkGuz4NViitBXbEr0b\" target=\"_blank\" rel=\"noopener\">WhatsApp<\/a>.<\/p>\n<\/blockquote>\n<p>            <img decoding=\"async\" src=\"https:\/\/www.europesays.com\/fr\/wp-content\/uploads\/2025\/03\/tous-anti-covid.png\" alt=\"TousAntiCovid\" loading=\"lazy\"\/>                            <\/p>\n","protected":false},"excerpt":{"rendered":"Une \u00e9tude australienne d\u2019envergure, men\u00e9e sur quatre ann\u00e9es cons\u00e9cutives et initi\u00e9e avant m\u00eame que la pand\u00e9mie ne bouleverse&hellip;\n","protected":false},"author":2,"featured_media":211063,"comment_status":"","ping_status":"","sticky":false,"template":"","format":"standard","meta":{"footnotes":""},"categories":[10],"tags":[1283,1011,27,72,71,3847],"class_list":{"0":"post-211062","1":"post","2":"type-post","3":"status-publish","4":"format-standard","5":"has-post-thumbnail","7":"category-sante","8":"tag-etudes","9":"tag-fr","10":"tag-france","11":"tag-health","12":"tag-sante","13":"tag-travail"},"share_on_mastodon":{"url":"","error":""},"_links":{"self":[{"href":"https:\/\/www.europesays.com\/fr\/wp-json\/wp\/v2\/posts\/211062","targetHints":{"allow":["GET"]}}],"collection":[{"href":"https:\/\/www.europesays.com\/fr\/wp-json\/wp\/v2\/posts"}],"about":[{"href":"https:\/\/www.europesays.com\/fr\/wp-json\/wp\/v2\/types\/post"}],"author":[{"embeddable":true,"href":"https:\/\/www.europesays.com\/fr\/wp-json\/wp\/v2\/users\/2"}],"replies":[{"embeddable":true,"href":"https:\/\/www.europesays.com\/fr\/wp-json\/wp\/v2\/comments?post=211062"}],"version-history":[{"count":0,"href":"https:\/\/www.europesays.com\/fr\/wp-json\/wp\/v2\/posts\/211062\/revisions"}],"wp:featuredmedia":[{"embeddable":true,"href":"https:\/\/www.europesays.com\/fr\/wp-json\/wp\/v2\/media\/211063"}],"wp:attachment":[{"href":"https:\/\/www.europesays.com\/fr\/wp-json\/wp\/v2\/media?parent=211062"}],"wp:term":[{"taxonomy":"category","embeddable":true,"href":"https:\/\/www.europesays.com\/fr\/wp-json\/wp\/v2\/categories?post=211062"},{"taxonomy":"post_tag","embeddable":true,"href":"https:\/\/www.europesays.com\/fr\/wp-json\/wp\/v2\/tags?post=211062"}],"curies":[{"name":"wp","href":"https:\/\/api.w.org\/{rel}","templated":true}]}}