{"id":211066,"date":"2025-06-28T14:09:09","date_gmt":"2025-06-28T14:09:09","guid":{"rendered":"https:\/\/www.europesays.com\/fr\/211066\/"},"modified":"2025-06-28T14:09:09","modified_gmt":"2025-06-28T14:09:09","slug":"cest-cadeau-cest-bibi-qui-offre-le-geste-touchant-de-julien-dore-envers-chantal-goya-apres-le-vol-de-pandi-panda","status":"publish","type":"post","link":"https:\/\/www.europesays.com\/fr\/211066\/","title":{"rendered":"\u00ab\u00a0C\u2019est cadeau, c\u2019est bibi qui offre\u00a0\u00bb\u00a0: le geste touchant de Julien Dor\u00e9 envers Chantal Goya apr\u00e8s le vol de Pandi Panda"},"content":{"rendered":"<p class=\"paragraph text_align_left lp-f-body-02\">La solidarit\u00e9 entre artistes, il n\u2019y a que \u00e7a de vrai. Apr\u00e8s l\u2019annonce mercredi par <a href=\"https:\/\/www.leparisien.fr\/culture-loisirs\/musique\/notre-pandi-panda-nous-manque-qui-a-vole-un-costume-de-chantal-goya-a-mulhouse-la-chanteuse-lance-un-appel-a-temoins-26-06-2025-S6HY6C3FIRGH5PBBJJNZ6W2EYY.php\" target=\"_blank\" rel=\"noreferrer nofollow noopener\">Chantal Goya du vol du costume de panda utilis\u00e9 pour \u00ab Pandi Panda \u00bb<\/a> en tourn\u00e9e, la plus c\u00e9l\u00e8bre des chanteuses pour enfants a re\u00e7u le soutien inattendu de\u2026 <a href=\"https:\/\/www.leparisien.fr\/culture-loisirs\/musique\/julien-dore-le-sentiment-dimposture-aide-a-se-remettre-en-question-a-rester-eveille-31-10-2024-3HE33PJ53NENZNFAZUCKG5XPVE.php\" target=\"_blank\" rel=\"noreferrer nofollow noopener\">Julien Dor\u00e9<\/a>.<\/p>\n<p class=\"paragraph text_align_left lp-f-body-02\">L\u2019artiste a r\u00e9agi ce vendredi soir sur ses r\u00e9seaux sociaux en publiant une vid\u00e9o dans laquelle il annonce qu\u2019il va lui faire don d\u2019un des costumes dont il dispose.<\/p>\n<p>\u00ab J\u2019en ai deux, le deuxi\u00e8me il est pour toi \u00bb<\/p>\n<p class=\"paragraph text_align_left lp-f-body-02\">En effet, durant ses concerts, le chanteur r\u00e9v\u00e9l\u00e9 par la \u00ab Nouvelle Star \u00bb avait pris l\u2019habitude d\u2019\u00eatre accompagn\u00e9 par une mascotte de panda lors de l\u2019interpr\u00e9tation de <a href=\"https:\/\/www.leparisien.fr\/culture-loisirs\/video-julien-dore-suivez-son-live-en-direct-du-parisien-ce-lundi-a-14h30-28-05-2017-6991413.php\" target=\"_blank\" rel=\"noreferrer nofollow noopener\">son tube \u00ab Coco C\u00e2line \u00bb<\/a>.<\/p>\n<p class=\"paragraph text_align_left lp-f-body-02\">\u00ab J\u2019ai bien r\u00e9fl\u00e9chi et je pense que c\u2019est \u00e9vident. Ce que je te propose c\u2019est de t\u2019offrir l\u2019un de mes costumes de panda. J\u2019en ai deux, le deuxi\u00e8me il est pour toi \u00bb, annonce-t-il dans une vid\u00e9o publi\u00e9e ce vendredi soir.<\/p>\n<p class=\"paragraph text_align_left lp-f-body-02\">\u00ab C\u2019est cadeau, c\u2019est bibi qui offre et c\u2019est bien normal, poursuit-il (\u2026) On se contacte pour se caler un rendez-vous livraison \u00bb.<\/p>\n<p>\u00ab Un joli geste d\u2019amour \u00bb, r\u00e9pond Chantal Goya<\/p>\n<p class=\"paragraph text_align_left lp-f-body-02\">Tr\u00e8s touch\u00e9e, la chanteuse de 82 ans lui a adress\u00e9 ses remerciements dans la foul\u00e9e pour \u00ab ce joli geste d\u2019amour (\u2026) pour tous les enfants qui aimaient Pandi Panda \u00bb. Le personnage a \u00e9t\u00e9 vol\u00e9 le 27 avril apr\u00e8s son concert de la tourn\u00e9e \u00ab 50 ans d\u2019amour \u00bb, \u00e0 Sausheim (Haut-Rhin).<\/p>\n<p class=\"paragraph text_align_left lp-f-body-02\">Si Chantal Goya se r\u00e9jouit de pouvoir r\u00e9cup\u00e9rer \u00ab le cousin de Pandi Panda \u00bb, elle esp\u00e8re tout de m\u00eame retrouver le v\u00e9ritable costume avec lequel elle parcourait la France depuis plus de 40 ans. \u00ab Je vais attendre encore, peut-\u00eatre que quelqu\u2019un qui l\u2019a pris aura des remords et me le renverra, m\u00eame anonymement \u00bb, appelle-t-elle de v\u0153ux.<\/p>\n<p class=\"paragraph text_align_left lp-f-body-02\">Cr\u00e9\u00e9 en 1984 par Marie-France Larrouy, costumi\u00e8re de <a href=\"https:\/\/www.leparisien.fr\/culture-loisirs\/tv\/mask-singer\/\" rel=\"nofollow noopener\" target=\"_blank\">\u00ab Mask Singer \u00bb,<\/a> avec Pierre Simonini, d\u00e9corateur des spectacles de l\u2019artiste, le costume de Pandi Panda accompagne Chantal Goya \u00e0 chaque concert depuis. \u00ab Pour \u00e9viter qu\u2019il soit vendu, il faut le faire savoir au maximum ! \u00bb, demande-t-elle d\u00e9sormais, dans l\u2019espoir de le retrouver.<\/p>\n","protected":false},"excerpt":{"rendered":"La solidarit\u00e9 entre artistes, il n\u2019y a que \u00e7a de vrai. Apr\u00e8s l\u2019annonce mercredi par Chantal Goya du&hellip;\n","protected":false},"author":2,"featured_media":211067,"comment_status":"","ping_status":"","sticky":false,"template":"","format":"standard","meta":{"footnotes":""},"categories":[8],"tags":[872,58,59,1011,27,873],"class_list":{"0":"post-211066","1":"post","2":"type-post","3":"status-publish","4":"format-standard","5":"has-post-thumbnail","7":"category-divertissement","8":"tag-culture-et-loisirs","9":"tag-divertissement","10":"tag-entertainment","11":"tag-fr","12":"tag-france","13":"tag-musique"},"share_on_mastodon":{"url":"","error":""},"_links":{"self":[{"href":"https:\/\/www.europesays.com\/fr\/wp-json\/wp\/v2\/posts\/211066","targetHints":{"allow":["GET"]}}],"collection":[{"href":"https:\/\/www.europesays.com\/fr\/wp-json\/wp\/v2\/posts"}],"about":[{"href":"https:\/\/www.europesays.com\/fr\/wp-json\/wp\/v2\/types\/post"}],"author":[{"embeddable":true,"href":"https:\/\/www.europesays.com\/fr\/wp-json\/wp\/v2\/users\/2"}],"replies":[{"embeddable":true,"href":"https:\/\/www.europesays.com\/fr\/wp-json\/wp\/v2\/comments?post=211066"}],"version-history":[{"count":0,"href":"https:\/\/www.europesays.com\/fr\/wp-json\/wp\/v2\/posts\/211066\/revisions"}],"wp:featuredmedia":[{"embeddable":true,"href":"https:\/\/www.europesays.com\/fr\/wp-json\/wp\/v2\/media\/211067"}],"wp:attachment":[{"href":"https:\/\/www.europesays.com\/fr\/wp-json\/wp\/v2\/media?parent=211066"}],"wp:term":[{"taxonomy":"category","embeddable":true,"href":"https:\/\/www.europesays.com\/fr\/wp-json\/wp\/v2\/categories?post=211066"},{"taxonomy":"post_tag","embeddable":true,"href":"https:\/\/www.europesays.com\/fr\/wp-json\/wp\/v2\/tags?post=211066"}],"curies":[{"name":"wp","href":"https:\/\/api.w.org\/{rel}","templated":true}]}}