{"id":211074,"date":"2025-06-28T14:14:10","date_gmt":"2025-06-28T14:14:10","guid":{"rendered":"https:\/\/www.europesays.com\/fr\/211074\/"},"modified":"2025-06-28T14:14:10","modified_gmt":"2025-06-28T14:14:10","slug":"emmanuel-macron-saluera-les-joueurs-dans-les-vestiaires-et-non-sur-la-pelouse-avant-la-rencontre","status":"publish","type":"post","link":"https:\/\/www.europesays.com\/fr\/211074\/","title":{"rendered":"Emmanuel Macron saluera les joueurs dans les vestiaires, et non sur la pelouse, avant la rencontre"},"content":{"rendered":"<p>Le pr\u00e9sident Emmanuel Macron saluera bien les joueurs de l\u2019UBB et du Stade Toulousain ce samedi soir au Stade France. Mais, contrairement aux ann\u00e9es pass\u00e9es, il le fera dans le vestiaire. Une premi\u00e8re en rugby.<\/p>\n<p class=\"fig-paragraph\">Absent la saison derni\u00e8re lors de<a href=\"http:\/\/www.lefigaro.fr\/sports\/rugby\/top-14\/top-14-dupont-pelous-cazalbou-avant-la-finale-laurent-campistron-dresse-le-pantheon-du-stade-toulousain-20250628\" data-fig-type=\"NewsFlash\" data-gtm-custom-categorie=\"navigation\" data-gtm-custom-action=\"crossclick\" data-gtm-custom-label=\"Contextuel\" data-gtm-event=\"customEventSPE\" data-fig-domain=\"LEFIGARO\" target=\"_blank\" rel=\"noopener\">\u00a0la finale\u00a0<\/a>\u00e0 Marseille, le pr\u00e9sident sera bien pr\u00e9sent ce samedi soir au Stade de France pour saluer les joueurs avant la rencontre. Cependant, cette c\u00e9r\u00e9monie ne se fera pas sur la pelouse, mais bien dans les vestiaires. En effet, les joueurs de Bordeaux et Toulouse, s\u2019aligneront avant d\u2019entrer sur la pelouse pour les pr\u00e9sentations avec Emmanuel Macron. M\u00eame combat pour Didier Lacroix et Laurent Marti (pr\u00e9sidents des deux clubs).<\/p>\n<p>Une premi\u00e8re en Top 14<\/p>\n<p class=\"fig-paragraph\">Il avait agi de la m\u00eame fa\u00e7on lors de la derni\u00e8re<strong>\u00a0<\/strong>finale de Coupe de France qui opposait le Paris Saint-Germain \u00e0 Reims (3-0). Mais c\u2019est la premi\u00e8re fois que cela arrive en rugby. Toulousains et Bordelais pourront donc entrer sur le terrain par la suite pour les hymnes.<\/p>\n<p class=\"fig-paragraph\">Pour rappel, en 2023, \u00e0 l\u2019occasion de sa pr\u00e9sentation aux finalistes, Emmanuel Macron avait \u00e9t\u00e9 pris \u00e0 partie par le pilier du XV de France, Uini Atonio. \u00ab\u00a0Tu fais avancer mon passeport, hein!\u00a0\u00bb lui avait-il lanc\u00e9 avant le d\u00e9but de la rencontre.<\/p>\n<p class=\"fig-paragraph\"><strong>\u00c0 VOIR AUSSI &#8211; <\/strong>Coupe du monde des clubs\u00a0: le Paris SG se pr\u00e9pare avant d\u2019affronter l\u2019Inter Miami en huiti\u00e8mes de finale<\/p>\n","protected":false},"excerpt":{"rendered":"Le pr\u00e9sident Emmanuel Macron saluera bien les joueurs de l\u2019UBB et du Stade Toulousain ce samedi soir au&hellip;\n","protected":false},"author":2,"featured_media":211075,"comment_status":"","ping_status":"","sticky":false,"template":"","format":"standard","meta":{"footnotes":""},"categories":[2],"tags":[2306,11,525,2309,1981,2313,1089,451,814,1073,1011,27,955,12,2308,2311,1980,479,2259,2307,476,478,2310,2312,4364,513],"class_list":{"0":"post-211074","1":"post","2":"type-post","3":"status-publish","4":"format-standard","5":"has-post-thumbnail","7":"category-actualites","8":"tag-6-nations","9":"tag-actualites","10":"tag-calendrier","11":"tag-challenge-europeen","12":"tag-classement","13":"tag-clermont","14":"tag-coupe-deurope","15":"tag-coupe-du-monde","16":"tag-direct","17":"tag-emmanuel-macron","18":"tag-fr","19":"tag-france","20":"tag-match","21":"tag-news","22":"tag-pro-d2","23":"tag-racing","24":"tag-resultats","25":"tag-rugby","26":"tag-score","27":"tag-six-nations","28":"tag-stade-toulousain","29":"tag-top-14","30":"tag-toulon","31":"tag-toulouse","32":"tag-ubb","33":"tag-xv-de-france"},"share_on_mastodon":{"url":"","error":""},"_links":{"self":[{"href":"https:\/\/www.europesays.com\/fr\/wp-json\/wp\/v2\/posts\/211074","targetHints":{"allow":["GET"]}}],"collection":[{"href":"https:\/\/www.europesays.com\/fr\/wp-json\/wp\/v2\/posts"}],"about":[{"href":"https:\/\/www.europesays.com\/fr\/wp-json\/wp\/v2\/types\/post"}],"author":[{"embeddable":true,"href":"https:\/\/www.europesays.com\/fr\/wp-json\/wp\/v2\/users\/2"}],"replies":[{"embeddable":true,"href":"https:\/\/www.europesays.com\/fr\/wp-json\/wp\/v2\/comments?post=211074"}],"version-history":[{"count":0,"href":"https:\/\/www.europesays.com\/fr\/wp-json\/wp\/v2\/posts\/211074\/revisions"}],"wp:featuredmedia":[{"embeddable":true,"href":"https:\/\/www.europesays.com\/fr\/wp-json\/wp\/v2\/media\/211075"}],"wp:attachment":[{"href":"https:\/\/www.europesays.com\/fr\/wp-json\/wp\/v2\/media?parent=211074"}],"wp:term":[{"taxonomy":"category","embeddable":true,"href":"https:\/\/www.europesays.com\/fr\/wp-json\/wp\/v2\/categories?post=211074"},{"taxonomy":"post_tag","embeddable":true,"href":"https:\/\/www.europesays.com\/fr\/wp-json\/wp\/v2\/tags?post=211074"}],"curies":[{"name":"wp","href":"https:\/\/api.w.org\/{rel}","templated":true}]}}