{"id":211076,"date":"2025-06-28T14:15:13","date_gmt":"2025-06-28T14:15:13","guid":{"rendered":"https:\/\/www.europesays.com\/fr\/211076\/"},"modified":"2025-06-28T14:15:13","modified_gmt":"2025-06-28T14:15:13","slug":"lecole-jacquard-fait-peau-neuve-6-millions-pour-chasser-les-fuites","status":"publish","type":"post","link":"https:\/\/www.europesays.com\/fr\/211076\/","title":{"rendered":"L&rsquo;\u00c9COLE JACQUARD FAIT PEAU NEUVE : 6 MILLIONS POUR CHASSER LES FUITES"},"content":{"rendered":"<p>\u00c9lus municipaux, repr\u00e9sentants des entreprises locales, corps enseignant et \u00e9coliers se sont rassembl\u00e9s pour marquer le d\u00e9but d\u2019un chantier r\u00e9clam\u00e9 depuis des ann\u00e9es. Cette transformation majeure portera la superficie totale de l\u2019\u00e9tablissement \u00e0 1 160 m\u00e8tres carr\u00e9s. Le nouveau complexe int\u00e9grera une cantine moderne, une salle polyvalente fonctionnelle et six classes r\u00e9parties sur deux niveaux. L\u2019accessibilit\u00e9 sera garantie par l\u2019installation d\u2019un ascenseur, permettant l\u2019accueil de tous les enfants sans distinction.<\/p>\n<p>Un chantier technique aux d\u00e9fis multiples<\/p>\n<p>M. Decombe, repr\u00e9sentant de l\u2019entreprise Brunel Synergie en charge du projet, souligne la complexit\u00e9 de l\u2019op\u00e9ration. Construire en site occup\u00e9 impose des contraintes particuli\u00e8res qui ont n\u00e9cessit\u00e9 la constitution d\u2019une \u00e9quipe sp\u00e9cialis\u00e9e aux comp\u00e9tences multiples.<\/p>\n<p>Les choix architecturaux privil\u00e9gient la durabilit\u00e9 et l\u2019efficacit\u00e9 \u00e9nerg\u00e9tique. Les fondations et la structure principale utiliseront le b\u00e9ton pour sa solidit\u00e9, tandis que la charpente et les fa\u00e7ades miseront sur le bois pour ses qualit\u00e9s environnementales. L\u2019isolation renforc\u00e9e coupl\u00e9e \u00e0 une pompe \u00e0 chaleur garantira un confort thermique optimal tout au long de l\u2019ann\u00e9e scolaire.<\/p>\n<p>Un plan d\u2019investissement massif pour l\u2019\u00e9ducation<\/p>\n<p>Ga\u00ebl Perdriau a rappel\u00e9 l\u2019ampleur financi\u00e8re de cette r\u00e9alisation lors de son intervention. Ce chantier de six millions d\u2019euros s\u2019inscrit dans une strat\u00e9gie globale de r\u00e9novation du patrimoine scolaire municipal, repr\u00e9sentant plus de quarante millions d\u2019euros d\u2019investissement.<\/p>\n<p>Le maire st\u00e9phanois y voit un double symbole : l\u2019am\u00e9lioration concr\u00e8te des conditions d\u2019apprentissage pour les \u00e9l\u00e8ves et l\u2019optimisation de l\u2019environnement professionnel des enseignants. Cette modernisation t\u00e9moigne \u00e9galement du dynamisme d\u00e9mographique local, l\u2019ouverture de nouvelles classes r\u00e9pondant \u00e0 une demande croissante.<\/p>\n<p>La cour se met au vert<\/p>\n<p>L\u2019am\u00e9nagement ext\u00e9rieur n\u2019est pas oubli\u00e9 dans ce projet ambitieux. Plus de la moiti\u00e9 des 500 m\u00e8tres carr\u00e9s de cour b\u00e9n\u00e9ficieront d\u2019une v\u00e9g\u00e9talisation, cr\u00e9ant un environnement plus agr\u00e9able et p\u00e9dagogiquement riche pour les enfants.<\/p>\n<p>Cette transformation paysag\u00e8re r\u00e9pond aux nouvelles attentes en mati\u00e8re d\u2019\u00e9cologie urbaine et d\u2019espaces \u00e9ducatifs, offrant aux \u00e9l\u00e8ves un cadre propice aux activit\u00e9s de plein air et \u00e0 la d\u00e9couverte de la nature en milieu scolaire.<\/p>\n<p>Vingt ans d\u2019attente enfin r\u00e9compens\u00e9s<\/p>\n<p>La directrice Nabila Mazari ne cache pas son soulagement face \u00e0 ce projet tant attendu. Les conditions actuelles d\u2019enseignement r\u00e9v\u00e8lent en effet de s\u00e9rieuses d\u00e9faillances : pr\u00e9fabriqu\u00e9s vieillissants de plus de vingt ans pr\u00e9sentant des infiltrations d\u2019eau, cantine mal isol\u00e9e et particuli\u00e8rement bruyante, classes exigu\u00ebs limitant les possibilit\u00e9s p\u00e9dagogiques.<\/p>\n<p>Des solutions temporaires avaient \u00e9t\u00e9 apport\u00e9es en 2021 avec l\u2019installation de constructions modulaires, mais la pression s\u2019est intensifi\u00e9e ces derni\u00e8res ann\u00e9es. Enseignants et parents d\u2019\u00e9l\u00e8ves ont uni leurs voix pour r\u00e9clamer cette extension devenue indispensable au bon fonctionnement de l\u2019\u00e9tablissement.<\/p>\n<p>De nouvelles perspectives p\u00e9dagogiques<\/p>\n<p>Au-del\u00e0 de l\u2019am\u00e9lioration du confort, cette extension ouvre de v\u00e9ritables opportunit\u00e9s \u00e9ducatives. L\u2019\u00e9quipe p\u00e9dagogique anticipe un climat scolaire apais\u00e9 gr\u00e2ce \u00e0 des espaces mieux adapt\u00e9s et une cour repens\u00e9e au service des apprentissages.<\/p>\n<p>L\u2019installation de l\u2019ascenseur constitue une avanc\u00e9e majeure pour l\u2019inclusion scolaire, facilitant l\u2019accueil des enfants en situation de handicap et concr\u00e9tisant les principes d\u2019accessibilit\u00e9 universelle.<\/p>\n<p>Planning serr\u00e9 pour une rentr\u00e9e 2026<\/p>\n<p>Le calendrier des travaux s\u2019annonce soutenu. Les op\u00e9rations de terrassement d\u00e9buteront d\u00e8s le d\u00e9but juillet, profitant de la p\u00e9riode estivale pour minimiser les nuisances pendant les heures de classe.<\/p>\n<p>La livraison du nouveau complexe est programm\u00e9e dans quatorze mois, visant une mise en service pour la rentr\u00e9e scolaire 2026. Cette \u00e9ch\u00e9ance permettra aux \u00e9quipes de pr\u00e9parer sereinement l\u2019emm\u00e9nagement et l\u2019adaptation des m\u00e9thodes p\u00e9dagogiques aux nouveaux espaces.<\/p>\n","protected":false},"excerpt":{"rendered":"\u00c9lus municipaux, repr\u00e9sentants des entreprises locales, corps enseignant et \u00e9coliers se sont rassembl\u00e9s pour marquer le d\u00e9but d\u2019un&hellip;\n","protected":false},"author":2,"featured_media":211077,"comment_status":"","ping_status":"","sticky":false,"template":"","format":"standard","meta":{"footnotes":""},"categories":[9653],"tags":[1111,11,2430,1122,1777,674,1011,27,35074,3367,12,25,4001],"class_list":{"0":"post-211076","1":"post","2":"type-post","3":"status-publish","4":"format-standard","5":"has-post-thumbnail","7":"category-saint-etienne","8":"tag-actu","9":"tag-actualites","10":"tag-auvergne-rhone-alpes","11":"tag-ecole","12":"tag-eu","13":"tag-europe","14":"tag-fr","15":"tag-france","16":"tag-jacquard","17":"tag-loire","18":"tag-news","19":"tag-republique-francaise","20":"tag-saint-etienne"},"share_on_mastodon":{"url":"","error":""},"_links":{"self":[{"href":"https:\/\/www.europesays.com\/fr\/wp-json\/wp\/v2\/posts\/211076","targetHints":{"allow":["GET"]}}],"collection":[{"href":"https:\/\/www.europesays.com\/fr\/wp-json\/wp\/v2\/posts"}],"about":[{"href":"https:\/\/www.europesays.com\/fr\/wp-json\/wp\/v2\/types\/post"}],"author":[{"embeddable":true,"href":"https:\/\/www.europesays.com\/fr\/wp-json\/wp\/v2\/users\/2"}],"replies":[{"embeddable":true,"href":"https:\/\/www.europesays.com\/fr\/wp-json\/wp\/v2\/comments?post=211076"}],"version-history":[{"count":0,"href":"https:\/\/www.europesays.com\/fr\/wp-json\/wp\/v2\/posts\/211076\/revisions"}],"wp:featuredmedia":[{"embeddable":true,"href":"https:\/\/www.europesays.com\/fr\/wp-json\/wp\/v2\/media\/211077"}],"wp:attachment":[{"href":"https:\/\/www.europesays.com\/fr\/wp-json\/wp\/v2\/media?parent=211076"}],"wp:term":[{"taxonomy":"category","embeddable":true,"href":"https:\/\/www.europesays.com\/fr\/wp-json\/wp\/v2\/categories?post=211076"},{"taxonomy":"post_tag","embeddable":true,"href":"https:\/\/www.europesays.com\/fr\/wp-json\/wp\/v2\/tags?post=211076"}],"curies":[{"name":"wp","href":"https:\/\/api.w.org\/{rel}","templated":true}]}}