{"id":211080,"date":"2025-06-28T14:19:17","date_gmt":"2025-06-28T14:19:17","guid":{"rendered":"https:\/\/www.europesays.com\/fr\/211080\/"},"modified":"2025-06-28T14:19:17","modified_gmt":"2025-06-28T14:19:17","slug":"bertrand-ternard-asptt-nancy-tomblaine-senvole-en-macedoine-avec-lequipe-de-france-u15","status":"publish","type":"post","link":"https:\/\/www.europesays.com\/fr\/211080\/","title":{"rendered":"Bertrand Ternard (ASPTT Nancy-Tomblaine) s\u2019envole en Mac\u00e9doine avec l\u2019\u00e9quipe de France U15"},"content":{"rendered":"<p>Pas de vacances pour les braves. Apr\u00e8s une <a href=\"https:\/\/www.estrepublicain.fr\/sport\/2025\/05\/04\/fin-de-saison-pour-l-asptt-nancy-tomblaine-qui-s-incline-dans-le-nord-mais-valide-sa-place-sur-le-podium\" target=\"_blank\" rel=\"noopener\">tr\u00e8s belle saison \u00e0 la t\u00eate de l\u2019ASPTT Nancy-Tomblaine<\/a> , tout juste promue en N2 cette ann\u00e9e, Bertrand Ternard va prendre la route de la Mac\u00e9doine \u00e0 partir du 18\u00a0juillet prochain en qualit\u00e9 d\u2019assistant des U15 de l\u2019\u00e9quipe de France pour le Festival olympique de la jeunesse europ\u00e9enne (FOJE). Une sorte de mini Jeux olympiques pour les jeunes. Un staff qui sera \u00e0 forte connotation lorraine puisque l\u2019entra\u00eeneur principal n\u2019est autre que le Vosgien Stanislas Hacquard, habitu\u00e9 de ces rendez-vous.<\/p>\n<p>Ce contenu est bloqu\u00e9 car vous n&rsquo;avez pas accept\u00e9 les cookies et autres traceurs.<\/p>\n<p>En cliquant sur \u00ab J\u2019accepte \u00bb, les cookies et autres traceurs seront d\u00e9pos\u00e9s et vous pourrez visualiser les contenus  (<a href=\"\" class=\"consentModule_policy\" target=\"_blank\" title=\"Consulter la politique de protection des donn\u00e9es du fournisseur\">plus d&rsquo;informations<\/a>).<\/p>\n<p>En cliquant sur \u00ab J\u2019accepte tous les cookies \u00bb, vous autorisez des d\u00e9p\u00f4ts de cookies et autres traceurs pour le stockage de vos donn\u00e9es sur nos sites et applications \u00e0 des fins de personnalisation et de ciblage publicitaire.<\/p>\n<p class=\"consentModule_secondaryText\">Vous gardez la possibilit\u00e9 de retirer votre consentement \u00e0 tout moment en consultant notre <a href=\"https:\/\/www.estrepublicain.fr\/protection-des-donnees\" target=\"_blank\" title=\"Consulter notre politique de protection des donn\u00e9es\" rel=\"noopener\">politique de protection des donn\u00e9es<\/a>. <br \/>&#13;<br \/>\n            <a href=\"https:\/\/www.estrepublicain.fr\/sport\/2025\/06\/28\/javascript:Didomi.notice.show()\" class=\"consentModule_cmp\" target=\"_blank\" rel=\"noopener\">G\u00e9rer mes choix<\/a>&#13;\n        <\/p>\n<p>&#13;<br \/>\n                        J&rsquo;accepte&#13;<br \/>\n            J&rsquo;accepte tous les cookies&#13;\n        <\/p>\n<p>  Des amicaux prometteurs<\/p>\n<p>\u00ab\u00a0J\u2019avais d\u00e9j\u00e0 fait un stage \u00e0 Compi\u00e8gne avec eux l\u2019ann\u00e9e derni\u00e8re\u00a0\u00bb, explique Bertrand Ternard. \u00ab\u00a0En janvier, je savais d\u00e9j\u00e0 que j\u2019allais faire partie du staff et depuis le 12\u00a0juin c\u2019est officiel. La Ligue m\u2019a donc mis \u00e0 disposition pour l\u2019\u00e9v\u00e8nement.\u00a0\u00bb<\/p>\n<p>Apr\u00e8s le Mali aux c\u00f4t\u00e9s de Sylvain Lauti\u00e9 en tant qu\u2019assistant en 2017, le technicien nanc\u00e9ien va ajouter une corde \u00e0 son arc avec les jeunes \u00e0 haut niveau. \u00ab\u00a0C\u2019est une comp\u00e9tition qui se d\u00e9roule tous les quatre ans. On a une bonne g\u00e9n\u00e9ration, tr\u00e8s grande, tr\u00e8s dense, physique \u00e0 tous les postes. Ce sont des jeunes qui sortent tous du p\u00f4le. On a fait trois matchs amicaux \u00e0 Vittel face \u00e0 l\u2019Allemagne, dont un qu\u2019on a remport\u00e9 de presque 40 points\u2026\u00a0\u00bb<\/p>\n","protected":false},"excerpt":{"rendered":"Pas de vacances pour les braves. Apr\u00e8s une tr\u00e8s belle saison \u00e0 la t\u00eate de l\u2019ASPTT Nancy-Tomblaine ,&hellip;\n","protected":false},"author":2,"featured_media":211081,"comment_status":"","ping_status":"","sticky":false,"template":"","format":"standard","meta":{"footnotes":""},"categories":[9635],"tags":[1111,11,1791,1704,1777,674,107,1701,1011,27,775,1702,1703,12,25,517,1700,11703],"class_list":{"0":"post-211080","1":"post","2":"type-post","3":"status-publish","4":"format-standard","5":"has-post-thumbnail","7":"category-nancy","8":"tag-actu","9":"tag-actualites","10":"tag-basket-ball","11":"tag-edition-nancy-et-agglomeration","12":"tag-eu","13":"tag-europe","14":"tag-fil-info","15":"tag-fil-info-sport","16":"tag-fr","17":"tag-france","18":"tag-grand-est","19":"tag-nancy","20":"tag-nancy-ville-54b","21":"tag-news","22":"tag-republique-francaise","23":"tag-sport","24":"tag-sport-lorrain","25":"tag-tomblaine"},"share_on_mastodon":{"url":"","error":""},"_links":{"self":[{"href":"https:\/\/www.europesays.com\/fr\/wp-json\/wp\/v2\/posts\/211080","targetHints":{"allow":["GET"]}}],"collection":[{"href":"https:\/\/www.europesays.com\/fr\/wp-json\/wp\/v2\/posts"}],"about":[{"href":"https:\/\/www.europesays.com\/fr\/wp-json\/wp\/v2\/types\/post"}],"author":[{"embeddable":true,"href":"https:\/\/www.europesays.com\/fr\/wp-json\/wp\/v2\/users\/2"}],"replies":[{"embeddable":true,"href":"https:\/\/www.europesays.com\/fr\/wp-json\/wp\/v2\/comments?post=211080"}],"version-history":[{"count":0,"href":"https:\/\/www.europesays.com\/fr\/wp-json\/wp\/v2\/posts\/211080\/revisions"}],"wp:featuredmedia":[{"embeddable":true,"href":"https:\/\/www.europesays.com\/fr\/wp-json\/wp\/v2\/media\/211081"}],"wp:attachment":[{"href":"https:\/\/www.europesays.com\/fr\/wp-json\/wp\/v2\/media?parent=211080"}],"wp:term":[{"taxonomy":"category","embeddable":true,"href":"https:\/\/www.europesays.com\/fr\/wp-json\/wp\/v2\/categories?post=211080"},{"taxonomy":"post_tag","embeddable":true,"href":"https:\/\/www.europesays.com\/fr\/wp-json\/wp\/v2\/tags?post=211080"}],"curies":[{"name":"wp","href":"https:\/\/api.w.org\/{rel}","templated":true}]}}