{"id":211082,"date":"2025-06-28T14:20:09","date_gmt":"2025-06-28T14:20:09","guid":{"rendered":"https:\/\/www.europesays.com\/fr\/211082\/"},"modified":"2025-06-28T14:20:09","modified_gmt":"2025-06-28T14:20:09","slug":"sanary-decouvrez-la-programmation-du-festival-de-theatre-qui-aura-lieu-en-juillet","status":"publish","type":"post","link":"https:\/\/www.europesays.com\/fr\/211082\/","title":{"rendered":"Sanary: d\u00e9couvrez la programmation du festival de th\u00e9\u00e2tre qui aura lieu en juillet"},"content":{"rendered":"<p>C\u2019est un rendez-vous d\u00e9sormais aussi attendu que toute la saison que celui du festival de th\u00e9\u00e2tre propos\u00e9 au mois de juillet. Trois soir\u00e9es pour couvrir un large registre th\u00e9\u00e2tral, qui fera voyager le public entre le rire et l\u2019\u00e9motion,<\/p>\n<p>Parrain\u00e9 par David Br\u00e9court, le festival se d\u00e9roulera les 29, 30 et 31 juillet sur la sc\u00e8ne de Galli. Avec une programmation qui s\u00e9duira un large public.<\/p>\n<p>En soir\u00e9e d\u2019ouverture le 29 juillet \u00e0 21h30, Les marchands d\u2018\u00e9toiles, pi\u00e8ce mise en sc\u00e8ne par Julien Alluguette au Festival Off Avignon 2024 \u2013 qui a re\u00e7u 4 nominations aux Moli\u00e8res \u2013 nous fait entrer dans le quotidien de marchands de tissu en juin 1942 quand, l\u2019un d\u2019eux se d\u00e9couvre juif.<\/p>\n<p>Changement de registre le lendemain \u00e0 19h30, sur la placette du th\u00e9\u00e2tre Galli, avec Les Petites femmes de Maupassant, o\u00f9 l\u2019histoire de quatre femmes qui ont d\u00e9cid\u00e9 de prendre quelques jours de loisirs sans hommes. Mais finalement, sans la pression du couple, sans les affres du mariage, de quoi parlent-elles? D\u2019hommes, \u00e9videmment.<\/p>\n<p>Ce m\u00eame soir \u00e0 21h30, Pierre Arditi lit ceux qu\u2019il aime! Assis \u00e0 une table, l\u2019immense com\u00e9dien lit donc des textes de Jean-Michel Ribes, Yasmina Reza, Philippe Delerm et Michel Onfray.<\/p>\n<p>Enfin, le 31 juillet, place \u00e0 une soir\u00e9e dans la plus belle tradition du th\u00e9\u00e2tre de boulevard avec, en premi\u00e8re partie de soir\u00e9e (19h30), Ados sur TikTok, parents d\u00e9blok, un spectacle \u00e0 voir en famille, toute g\u00e9n\u00e9ration confondue.<\/p>\n<p>Pour clore cette 5e \u00e9dition, Entre ils et elle de et avec St\u00e9phane Floch \u00e0 21h30. Trois hommes aux profils tr\u00e8s diff\u00e9rents mais amis depuis l\u2019enfance. Ils vivent en colocation depuis plusieurs ann\u00e9es mais l\u00e0, une nouvelle vient tout bouleverser.\u00a0<\/p>\n<p><strong>Savoir+<\/strong><\/p>\n<p>Festival de th\u00e9\u00e2tre les 29, 30 et 31 juillet. \u00e0 noter que jusqu\u2019au 30 juin, offre promotionnelle \u00e0 24 euros la place. Rens. et res. <a href=\"http:\/\/theatregalli.com\" target=\"_blank\" rel=\"noopener nofollow\">theatregalli.com<\/a><\/p>\n","protected":false},"excerpt":{"rendered":"C\u2019est un rendez-vous d\u00e9sormais aussi attendu que toute la saison que celui du festival de th\u00e9\u00e2tre propos\u00e9 au&hellip;\n","protected":false},"author":2,"featured_media":211083,"comment_status":"","ping_status":"","sticky":false,"template":"","format":"standard","meta":{"footnotes":""},"categories":[9619],"tags":[1111,11,251,1777,674,1011,27,12,882,25,1347,2310],"class_list":{"0":"post-211082","1":"post","2":"type-post","3":"status-publish","4":"format-standard","5":"has-post-thumbnail","7":"category-toulon","8":"tag-actu","9":"tag-actualites","10":"tag-culture","11":"tag-eu","12":"tag-europe","13":"tag-fr","14":"tag-france","15":"tag-news","16":"tag-provence-alpes-cote-dazur","17":"tag-republique-francaise","18":"tag-theatre","19":"tag-toulon"},"share_on_mastodon":{"url":"","error":""},"_links":{"self":[{"href":"https:\/\/www.europesays.com\/fr\/wp-json\/wp\/v2\/posts\/211082","targetHints":{"allow":["GET"]}}],"collection":[{"href":"https:\/\/www.europesays.com\/fr\/wp-json\/wp\/v2\/posts"}],"about":[{"href":"https:\/\/www.europesays.com\/fr\/wp-json\/wp\/v2\/types\/post"}],"author":[{"embeddable":true,"href":"https:\/\/www.europesays.com\/fr\/wp-json\/wp\/v2\/users\/2"}],"replies":[{"embeddable":true,"href":"https:\/\/www.europesays.com\/fr\/wp-json\/wp\/v2\/comments?post=211082"}],"version-history":[{"count":0,"href":"https:\/\/www.europesays.com\/fr\/wp-json\/wp\/v2\/posts\/211082\/revisions"}],"wp:featuredmedia":[{"embeddable":true,"href":"https:\/\/www.europesays.com\/fr\/wp-json\/wp\/v2\/media\/211083"}],"wp:attachment":[{"href":"https:\/\/www.europesays.com\/fr\/wp-json\/wp\/v2\/media?parent=211082"}],"wp:term":[{"taxonomy":"category","embeddable":true,"href":"https:\/\/www.europesays.com\/fr\/wp-json\/wp\/v2\/categories?post=211082"},{"taxonomy":"post_tag","embeddable":true,"href":"https:\/\/www.europesays.com\/fr\/wp-json\/wp\/v2\/tags?post=211082"}],"curies":[{"name":"wp","href":"https:\/\/api.w.org\/{rel}","templated":true}]}}