{"id":211088,"date":"2025-06-28T14:24:13","date_gmt":"2025-06-28T14:24:13","guid":{"rendered":"https:\/\/www.europesays.com\/fr\/211088\/"},"modified":"2025-06-28T14:24:13","modified_gmt":"2025-06-28T14:24:13","slug":"a-rouen-une-exposition-inedite-sur-lalcool","status":"publish","type":"post","link":"https:\/\/www.europesays.com\/fr\/211088\/","title":{"rendered":"\u00e0 Rouen, une exposition in\u00e9dite sur l&rsquo;alcool"},"content":{"rendered":"<p>            Par<br \/>\n        <strong><br \/>\n            <a href=\"https:\/\/actu.fr\/auteur\/laredaction\" title=\"Consulter tous les articles de R\u00e9daction Normandie\" target=\"_blank\" rel=\"noopener\">R\u00e9daction Normandie<\/a><br \/>\n        <\/strong><\/p>\n<p>        Publi\u00e9 le<\/p>\n<p>            28 juin 2025 \u00e0 15h32        <\/p>\n<p>Les Archives D\u00e9partementales de Seine-Maritime proposent une exposition tous les deux ans. Cette ann\u00e9e, le sujet est enivrant\u2009: \u00ab\u2009<strong>l\u2019Histoire de l\u2019alcool<\/strong> pour \u00e9clairer l\u2019\u00e9volution du rapport \u00e0 la boisson dans la soci\u00e9t\u00e9\u2009\u00bb. Elle se tient jusqu\u2019au 10\u00a0octobre 2025, \u00e0 la Tour des Archives <a href=\"https:\/\/actu.fr\/normandie\/rouen_76540\" target=\"_blank\" rel=\"noopener\">de Rouen (Seine-Maritime)<\/a>.<\/p>\n<p>L\u2019alcool, une tradition en Normandie<\/p>\n<p class=\" wall-content\">Pour Sylv\u00e8re Dumont, commissaire d\u2019exposition, \u00ab\u2009raconter l\u2019histoire de l\u2019alcool, c\u2019est croiser <strong>une tradition tr\u00e8s ancienne<\/strong> sur notre territoire, la <strong>dimension \u00e9conomique et commerciale<\/strong> et les enjeux de sant\u00e9 publique qui se sont fait jour progressivement. De la fabrication monastique \u00e0 la lutte <a href=\"https:\/\/actu.fr\/normandie\/rouen_76540\/la-question-pas-si-bete-pourquoi-l-alcool-ca-donne-mal-a-la-tete_56275315.html\" target=\"_blank\" rel=\"noopener\">contre l\u2019alcoolisme<\/a>, en passant par l\u2019essor des distilleries et des caf\u00e9s, dans les villes et villages, ce territoire normand a vu son rapport \u00e0 l\u2019alcool \u00e9voluer au fil des si\u00e8cles\u2009\u00bb.<\/p>\n<p class=\" wall-content\">On trouve les premi\u00e8res mentions de boissons alcoolis\u00e9es <strong>d\u00e8s le Moyen-\u00c2ge<\/strong> dans les archives des abbayes productrices de bi\u00e8re, cidre, d\u2019\u00e9lixirs aux recettes complexes (<a href=\"https:\/\/actu.fr\/normandie\/fecamp_76259\/a-fecamp-le-palais-benedictine-va-se-doter-d-un-bar-a-cocktail-pour-sublimer-sa-liqueur_40689700.html\" target=\"_blank\" rel=\"noopener\">B\u00e9n\u00e9dictine de F\u00e9camp<\/a> XVIe) et m\u00eame de vin, pas uniquement pour la c\u00e9l\u00e9bration de la messe\u2009! La diffusion de ces productions se fait par les moines eux-m\u00eames et par les ouvriers agricoles qu\u2019ils emploient. D\u00e8s le XVe\u00a0si\u00e8cle en Normandie, dans les vastes vergers, on d\u00e9veloppe la production du cidre qui devient une boisson courante.<\/p>\n<p>    <img   decoding=\"async\" loading=\"lazy\" src=\"https:\/\/www.europesays.com\/fr\/wp-content\/uploads\/2025\/06\/frad076-10fi-0824-0001-960x640.jpg\" alt=\"Course des gar\u00e7ons de caf\u00e9 \u00e0 Rouen 1930\" width=\"960\" height=\"640\"\/><br \/>\n    Course des gar\u00e7ons de caf\u00e9 \u00e0 Rouen 1930 (\u00a9Photos fournies par les Archives D\u00e9partementales. )<\/p>\n<p class=\" wall-content\">\u00ab\u2009Le cidre normand, appr\u00e9ci\u00e9 pour sa l\u00e9g\u00e8ret\u00e9 et son go\u00fbt fruit\u00e9, est un \u00e9l\u00e9ment fondamental de l\u2019\u00e9conomie agricole locale. \u00c0 c\u00f4t\u00e9 du cidre, le calvados, une eau-de-vie obtenue par distillation de pommes ferment\u00e9es, s\u2019impose comme un produit phare de la r\u00e9gion\u2009\u00bb note Sylv\u00e8re Dumont.<\/p>\n<p>De l\u2019alcool roi \u00e0 l\u2019alcool d\u00e9cri\u00e9<\/p>\n<p class=\" wall-content\">C\u2019est au XIXe si\u00e8cle que la Seine-Inf\u00e9rieure voit se d\u00e9velopper <strong>les produits distill\u00e9s<\/strong>. Les bouilleurs de cru sont de plus en plus nombreux. Ils distillent eux-m\u00eames. La r\u00e8glementation permet \u00e0 certains de distiller sans payer les taxes. Ce qui contribue \u00e0 la prolif\u00e9ration de productions artisanales \u00e0 base de pommes principalement et dont on retrouve la trace \u00e0 travers les d\u00e9clarations des distillateurs itin\u00e9rants.<\/p>\n<p>Vid\u00e9os : en ce moment sur Actu<\/p>\n<p class=\" wall-content\">Intervient alors la <strong>lutte contre la contrebande<\/strong> et la production clandestine, visant \u00e0 \u00e9chapper au fisc avec en arri\u00e8re-plan la probl\u00e9matique de l\u2019alcool frelat\u00e9 souvent coup\u00e9 avec des substances toxiques.<\/p>\n<p>    <img   decoding=\"async\" loading=\"lazy\" src=\"https:\/\/www.europesays.com\/fr\/wp-content\/uploads\/2025\/06\/238-w-1643a-960x640.jpg\" alt=\"L'exposition compte 70 documents du fonds des Archives D\u00e9partementales\" width=\"960\" height=\"640\"\/><br \/>\n    L\u2019exposition compte 70 documents du fonds des Archives D\u00e9partementales (\u00a9Photos fournies par les Archives D\u00e9partementales.)<\/p>\n<p class=\" wall-content\">L\u2019av\u00e8nement des <strong>grandes marques d\u2019alcool<\/strong> par la publicit\u00e9 intervient au cours de la seconde moiti\u00e9 du XIXe si\u00e8cle (ex. B\u00e9n\u00e9dictine de F\u00e9camp, Calvados Boulard d\u2019Yvetot\u2026) Le \u00ab\u2009trou normand\u2009\u00bb\u2009: calvados servi entre deux plats pour faciliter la digestion, s\u2019ancre dans les habitudes alimentaires locales, comme plus tard <a href=\"https:\/\/actu.fr\/normandie\/bretteville-du-grand-caux_76143\/pres-du-havre-j-ai-teste-pour-vous-un-escape-game-dans-un-clos-masure_61394084.html\" target=\"_blank\" rel=\"noopener\">le pommeau et le poir\u00e9<\/a> en ap\u00e9ritif. Le \u00ab\u2009trou normand\u2009\u00bb est un \u00e9l\u00e9ment incontournable de la gastronomie normande, \u00e0 table, aujourd\u2019hui encore dans les foyers, les restaurants et les bars. L\u2019alcool trouve aussi sa place dans la m\u00e9decine et l\u2019industrie comme solvant, d\u00e9sinfectant, <a href=\"https:\/\/actu.fr\/normandie\/rouen_76540\/quand-un-rouennais-faisait-rouler-une-voiture-a-l-eau-et-a-l-alcool_54500819.html\" target=\"_blank\" rel=\"noopener\">carburant\u2026<\/a><\/p>\n<p class=\" wall-content\">C\u2019est au XIXe que la m\u00e9decine commence \u00e0 tirer la sonnette d\u2019alarme et met en \u00e9vidence<strong> les m\u00e9faits de l\u2019alcoolisme<\/strong> dans tous les milieux.<\/p>\n<p class=\" wall-content\">L\u2019exposition pr\u00e9sent\u00e9e \u00e0 la Tour comporte<strong> 70 documents<\/strong> du fonds des Archives D\u00e9partementales\u2009: photos, rapports, factures, affiches publicitaires des ann\u00e9es 1910 \u00e0 1940, plans de construction de b\u00e2timents en rapport avec l\u2019alcool, quelques pi\u00e8ces de fonds priv\u00e9s et une exceptionnelle contribution de La B\u00e9n\u00e9dictine de F\u00e9camp. Le plus ancien document date du 13\u00e8me si\u00e8cle. Pas de d\u00e9gustation pr\u00e9vue\u2009!<\/p>\n<p>Tour des Archives D\u00e9partementales, entr\u00e9e principale de l\u2019H\u00f4tel du d\u00e9partement, Quai Jean Moulin, Rouen. Lundi, mardi et mercredi de 8h45 \u00e0 17h jusqu\u2019au 10 octobre avant deux ans de gros travaux dans la Tour.<\/p>\n<p>De notre correspondant Andr\u00e9 Morelle<\/p>\n<p class=\" wall-content\">Suivez toute l\u2019actualit\u00e9 de vos villes et m\u00e9dias favoris en vous inscrivant \u00e0 <a href=\"https:\/\/moncompte.actu.fr\" title=\"D\u00e9couvez Mon Actu\" rel=\"nofollow noopener\" data-trk=\"{&quot;cta&quot;:{&quot;action&quot;:&quot;https:\\\/\\\/moncompte.actu.fr&quot;,&quot;category&quot;:&quot;mon compte&quot;,&quot;from&quot;:&quot;article footer&quot;,&quot;name&quot;:&quot;Mon actu&quot;,&quot;type&quot;:&quot;cta&quot;}}\" target=\"_blank\">Mon Actu<\/a>.<\/p>\n","protected":false},"excerpt":{"rendered":"Par R\u00e9daction Normandie Publi\u00e9 le 28 juin 2025 \u00e0 15h32 Les Archives D\u00e9partementales de Seine-Maritime proposent une exposition&hellip;\n","protected":false},"author":2,"featured_media":211089,"comment_status":"","ping_status":"","sticky":false,"template":"","format":"standard","meta":{"footnotes":""},"categories":[9587],"tags":[1111,11,5702,9086,1777,674,1011,27,1757,1652,12,5161,25,9590],"class_list":{"0":"post-211088","1":"post","2":"type-post","3":"status-publish","4":"format-standard","5":"has-post-thumbnail","7":"category-rouen","8":"tag-actu","9":"tag-actualites","10":"tag-alcool","11":"tag-bon-plan-a-rouen","12":"tag-eu","13":"tag-europe","14":"tag-fr","15":"tag-france","16":"tag-insolite","17":"tag-loisirs-culture","18":"tag-news","19":"tag-normandie","20":"tag-republique-francaise","21":"tag-rouen"},"share_on_mastodon":{"url":"","error":""},"_links":{"self":[{"href":"https:\/\/www.europesays.com\/fr\/wp-json\/wp\/v2\/posts\/211088","targetHints":{"allow":["GET"]}}],"collection":[{"href":"https:\/\/www.europesays.com\/fr\/wp-json\/wp\/v2\/posts"}],"about":[{"href":"https:\/\/www.europesays.com\/fr\/wp-json\/wp\/v2\/types\/post"}],"author":[{"embeddable":true,"href":"https:\/\/www.europesays.com\/fr\/wp-json\/wp\/v2\/users\/2"}],"replies":[{"embeddable":true,"href":"https:\/\/www.europesays.com\/fr\/wp-json\/wp\/v2\/comments?post=211088"}],"version-history":[{"count":0,"href":"https:\/\/www.europesays.com\/fr\/wp-json\/wp\/v2\/posts\/211088\/revisions"}],"wp:featuredmedia":[{"embeddable":true,"href":"https:\/\/www.europesays.com\/fr\/wp-json\/wp\/v2\/media\/211089"}],"wp:attachment":[{"href":"https:\/\/www.europesays.com\/fr\/wp-json\/wp\/v2\/media?parent=211088"}],"wp:term":[{"taxonomy":"category","embeddable":true,"href":"https:\/\/www.europesays.com\/fr\/wp-json\/wp\/v2\/categories?post=211088"},{"taxonomy":"post_tag","embeddable":true,"href":"https:\/\/www.europesays.com\/fr\/wp-json\/wp\/v2\/tags?post=211088"}],"curies":[{"name":"wp","href":"https:\/\/api.w.org\/{rel}","templated":true}]}}