{"id":21109,"date":"2025-04-13T02:02:09","date_gmt":"2025-04-13T02:02:09","guid":{"rendered":"https:\/\/www.europesays.com\/fr\/21109\/"},"modified":"2025-04-13T02:02:09","modified_gmt":"2025-04-13T02:02:09","slug":"marseille-cet-evenement-populaire-et-ecolo-revient-ce-secteur-ferme-aux-voitures","status":"publish","type":"post","link":"https:\/\/www.europesays.com\/fr\/21109\/","title":{"rendered":"Marseille. Cet \u00e9v\u00e8nement populaire et \u00e9colo revient, ce secteur ferm\u00e9 aux voitures"},"content":{"rendered":"<p>            Par<br \/>\n        <strong><br \/>\n            <a href=\"https:\/\/actu.fr\/auteur\/benjamin-cohenroyer\" title=\"Consulter tous les articles de Benjamin Cohen Royer\" rel=\"nofollow noopener\" target=\"_blank\">Benjamin Cohen Royer<\/a><br \/>\n        <\/strong><\/p>\n<p>        Publi\u00e9 le<\/p>\n<p>            12 avr. 2025 \u00e0 6h38        <\/p>\n<p>\u00ab\u2009Rendre un littoral apais\u00e9 aux Marseillais et aux Marseillaises\u2009\u00bb. C\u2019est l\u2019id\u00e9e de l\u2019\u00e9v\u00e8nement \u00ab\u2009La Voie est Libre\u2009\u00bb, organis\u00e9 par la Ville de Marseille.<\/p>\n<p class=\" wall-content\">Ainsi, <strong>la Corniche sera pi\u00e9tonnis\u00e9e ce dimanche 13\u00a0avril, <\/strong>de la plage des Catalans jusqu\u2019au parc Talabot, de 10h \u00e0 19h.<\/p>\n<p class=\" wall-content\">L\u2019\u00e9v\u00e8nement existe depuis 2021 et rassemble \u00e0 chaque fois, des dizaines de milliers de personnes.<\/p>\n<p>Des animations en pagaille<\/p>\n<p class=\" wall-content\">Tout le long de la zone pi\u00e9tonne, de nombreuses animations seront propos\u00e9es pour cette 28e \u00e9dition.<\/p>\n<p class=\" wall-content\">Ainsi, il sera possible -entre autres- de <strong>participer \u00e0 une s\u00e9ance de Ta\u00ef-Chi, de se balader \u00e0 rollers, ou encore d\u2019assister \u00e0 des concerts.<\/strong><\/p>\n<p>Vid\u00e9os : en ce moment sur Actu<\/p>\n<p class=\" wall-content\">\n<p class=\" wall-content\">Et puis apr\u00e8s l\u2019effort, en guise de r\u00e9compense, il sera agr\u00e9able de profiter des nombreux food-trucks install\u00e9s tout du long.<\/p>\n<p>Plus de 20000 promeneurs la derni\u00e8re fois<\/p>\n<p class=\" wall-content\">En lib\u00e9rant cet axe fr\u00e9quent\u00e9 du bord de mer, la ville de Marseille souhaite <strong>rendre cet espace plus apais\u00e9 pour les Marseillais<\/strong>, et les touristes, en vacances ou en week-end, tout en promouvant la mobilit\u00e9 douce.<\/p>\n<p class=\" wall-content\">Pour rappel, la derni\u00e8re \u00e9dition du 23\u00a0mars 2025 avait rassembl\u00e9 plus de 20\u2009000 promeneurs, malgr\u00e9 une m\u00e9t\u00e9o maussade.<\/p>\n<p class=\" wall-content\">Suivez toute l\u2019actualit\u00e9 de vos villes et m\u00e9dias favoris en vous inscrivant \u00e0 <a href=\"https:\/\/moncompte.actu.fr\" title=\"D\u00e9couvez Mon Actu\" rel=\"nofollow noopener\" data-trk=\"{&quot;cta&quot;:{&quot;action&quot;:&quot;https:\\\/\\\/moncompte.actu.fr&quot;,&quot;category&quot;:&quot;mon compte&quot;,&quot;from&quot;:&quot;article footer&quot;,&quot;name&quot;:&quot;Mon actu&quot;,&quot;type&quot;:&quot;cta&quot;}}\" target=\"_blank\">Mon Actu<\/a>.<\/p>\n","protected":false},"excerpt":{"rendered":"Par Benjamin Cohen Royer Publi\u00e9 le 12 avr. 2025 \u00e0 6h38 \u00ab\u2009Rendre un littoral apais\u00e9 aux Marseillais et&hellip;\n","protected":false},"author":2,"featured_media":21110,"comment_status":"","ping_status":"","sticky":false,"template":"","format":"standard","meta":{"footnotes":""},"categories":[2814],"tags":[1111,11,7958,1777,674,1011,27,884,6739,12,882,25,104,208],"class_list":{"0":"post-21109","1":"post","2":"type-post","3":"status-publish","4":"format-standard","5":"has-post-thumbnail","7":"category-marseille","8":"tag-actu","9":"tag-actualites","10":"tag-corniche","11":"tag-eu","12":"tag-europe","13":"tag-fr","14":"tag-france","15":"tag-marseille","16":"tag-metropole-aix-marseille","17":"tag-news","18":"tag-provence-alpes-cote-dazur","19":"tag-republique-francaise","20":"tag-societe","21":"tag-velo"},"share_on_mastodon":{"url":"https:\/\/pubeurope.com\/@fr\/114328197084189671","error":""},"_links":{"self":[{"href":"https:\/\/www.europesays.com\/fr\/wp-json\/wp\/v2\/posts\/21109","targetHints":{"allow":["GET"]}}],"collection":[{"href":"https:\/\/www.europesays.com\/fr\/wp-json\/wp\/v2\/posts"}],"about":[{"href":"https:\/\/www.europesays.com\/fr\/wp-json\/wp\/v2\/types\/post"}],"author":[{"embeddable":true,"href":"https:\/\/www.europesays.com\/fr\/wp-json\/wp\/v2\/users\/2"}],"replies":[{"embeddable":true,"href":"https:\/\/www.europesays.com\/fr\/wp-json\/wp\/v2\/comments?post=21109"}],"version-history":[{"count":0,"href":"https:\/\/www.europesays.com\/fr\/wp-json\/wp\/v2\/posts\/21109\/revisions"}],"wp:featuredmedia":[{"embeddable":true,"href":"https:\/\/www.europesays.com\/fr\/wp-json\/wp\/v2\/media\/21110"}],"wp:attachment":[{"href":"https:\/\/www.europesays.com\/fr\/wp-json\/wp\/v2\/media?parent=21109"}],"wp:term":[{"taxonomy":"category","embeddable":true,"href":"https:\/\/www.europesays.com\/fr\/wp-json\/wp\/v2\/categories?post=21109"},{"taxonomy":"post_tag","embeddable":true,"href":"https:\/\/www.europesays.com\/fr\/wp-json\/wp\/v2\/tags?post=21109"}],"curies":[{"name":"wp","href":"https:\/\/api.w.org\/{rel}","templated":true}]}}