{"id":211094,"date":"2025-06-28T14:27:10","date_gmt":"2025-06-28T14:27:10","guid":{"rendered":"https:\/\/www.europesays.com\/fr\/211094\/"},"modified":"2025-06-28T14:27:10","modified_gmt":"2025-06-28T14:27:10","slug":"grenoble-la-caravane-des-sports-fait-son-retour-dans-les-quartiers","status":"publish","type":"post","link":"https:\/\/www.europesays.com\/fr\/211094\/","title":{"rendered":"Grenoble. La Caravane des sports fait son retour dans les quartiers"},"content":{"rendered":"<p>Comme chaque ann\u00e9e, le service Sport et quartiers de la direction des sports de la Ville de Grenoble d\u00e9ploie sa Caravane des sports dans plusieurs quartiers grenoblois. Cette animation sportive de proximit\u00e9, gratuite et sans inscription, propose cinq \u00e0 six ateliers de d\u00e9couverte et d\u2019apprentissage sportif, du mardi au samedi de 17\u00a0h\u00a030 \u00e0 21\u00a0h.<\/p>\n<p>L\u2019\u00e9dition 2025 a d\u00e9marr\u00e9 le 17\u00a0juin et se poursuivra jusqu\u2019au samedi 5\u00a0juillet. Au programme cette ann\u00e9e\u00a0: escrime, badminton, judo, escalade (mur mobile), boxe anglaise, biathlon, et bien d\u2019autres disciplines encore. Ces sessions sont anim\u00e9es par l\u2019\u00e9quipe p\u00e9dagogique du service Sport et quartiers, en partenariat avec des clubs sportifs grenoblois. Objectif\u00a0: permettre \u00e0 tous de d\u00e9couvrir de nouvelles disciplines, cr\u00e9er des temps d\u2019\u00e9change et de partage, encourager l\u2019interg\u00e9n\u00e9rationnel et la participation des habitants.<\/p>\n<p>Ce vendredi 27\u00a0juin, la Caravane a fait escale dans le quartier L\u00e9on-Jouhaux.<\/p>\n","protected":false},"excerpt":{"rendered":"Comme chaque ann\u00e9e, le service Sport et quartiers de la direction des sports de la Ville de Grenoble&hellip;\n","protected":false},"author":2,"featured_media":211095,"comment_status":"","ping_status":"","sticky":false,"template":"","format":"standard","meta":{"footnotes":""},"categories":[9566],"tags":[1111,11,2430,1687,112,1777,674,1011,27,2731,2732,12,25],"class_list":{"0":"post-211094","1":"post","2":"type-post","3":"status-publish","4":"format-standard","5":"has-post-thumbnail","7":"category-grenoble","8":"tag-actu","9":"tag-actualites","10":"tag-auvergne-rhone-alpes","11":"tag-culture-loisirs","12":"tag-edition-grenoble-agglomeration","13":"tag-eu","14":"tag-europe","15":"tag-fr","16":"tag-france","17":"tag-grenoble","18":"tag-grenoble-bassin","19":"tag-news","20":"tag-republique-francaise"},"share_on_mastodon":{"url":"","error":""},"_links":{"self":[{"href":"https:\/\/www.europesays.com\/fr\/wp-json\/wp\/v2\/posts\/211094","targetHints":{"allow":["GET"]}}],"collection":[{"href":"https:\/\/www.europesays.com\/fr\/wp-json\/wp\/v2\/posts"}],"about":[{"href":"https:\/\/www.europesays.com\/fr\/wp-json\/wp\/v2\/types\/post"}],"author":[{"embeddable":true,"href":"https:\/\/www.europesays.com\/fr\/wp-json\/wp\/v2\/users\/2"}],"replies":[{"embeddable":true,"href":"https:\/\/www.europesays.com\/fr\/wp-json\/wp\/v2\/comments?post=211094"}],"version-history":[{"count":0,"href":"https:\/\/www.europesays.com\/fr\/wp-json\/wp\/v2\/posts\/211094\/revisions"}],"wp:featuredmedia":[{"embeddable":true,"href":"https:\/\/www.europesays.com\/fr\/wp-json\/wp\/v2\/media\/211095"}],"wp:attachment":[{"href":"https:\/\/www.europesays.com\/fr\/wp-json\/wp\/v2\/media?parent=211094"}],"wp:term":[{"taxonomy":"category","embeddable":true,"href":"https:\/\/www.europesays.com\/fr\/wp-json\/wp\/v2\/categories?post=211094"},{"taxonomy":"post_tag","embeddable":true,"href":"https:\/\/www.europesays.com\/fr\/wp-json\/wp\/v2\/tags?post=211094"}],"curies":[{"name":"wp","href":"https:\/\/api.w.org\/{rel}","templated":true}]}}