{"id":211108,"date":"2025-06-28T14:35:15","date_gmt":"2025-06-28T14:35:15","guid":{"rendered":"https:\/\/www.europesays.com\/fr\/211108\/"},"modified":"2025-06-28T14:35:15","modified_gmt":"2025-06-28T14:35:15","slug":"quiz-etes-vous-incollables-sur-le-voyage-a-nantes-hors-les-murs","status":"publish","type":"post","link":"https:\/\/www.europesays.com\/fr\/211108\/","title":{"rendered":"QUIZ. \u00cates-vous incollables sur le Voyage \u00e0 Nantes, hors les murs\u00a0?"},"content":{"rendered":"<p>Des hamacs inspir\u00e9s de la canop\u00e9e, un jardin en forme d\u2019\u00e9toile ou une g\u00e9ante de pierre\u2026 Et si vous testiez vos connaissances sur les \u0153uvres inattendues du Voyage \u00e0 Nantes, c\u00f4t\u00e9 nature et d\u00e9couvertes\u00a0? En dix questions ludiques, voyez si vous \u00eates incollable sur ces tr\u00e9sors diss\u00e9min\u00e9s hors des sentiers battus. Cliquez, jouez, surprenez-vous\u00a0!<\/p>\n<p>Notre quiz\u00a0:<\/p>\n<p>Bravo pour votre curiosit\u00e9\u00a0! Que vous ayez fait un sans-faute ou d\u00e9couvert de nouvelles \u00e9tapes \u00e0 explorer, vous voil\u00e0 fin pr\u00eat \u00e0 embarquer pour un \u00e9t\u00e9 culturel hors les murs. Partagez votre score, d\u00e9fiez vos amis\u2026 Et surtout, n\u2019oubliez pas d\u2019enfiler vos baskets\u00a0: ces \u0153uvres m\u00e9ritent le d\u00e9tour.<\/p>\n<p>? JOUER ENCORE\u00a0: <a href=\"https:\/\/nantes.maville.com\/actu\/actudet_-quiz.-meteo-etes-vous-incollable-sur-la-chaleur-et-les-idees-recues-_54028-6864862_actu.Htm\" target=\"_blank\" rel=\"noopener\">QUIZ. M\u00e9t\u00e9o\u00a0: \u00eates-vous incollable sur la chaleur et les id\u00e9es re\u00e7ues<\/a>\u00a0?<\/p>\n<p>Question subsidiaire<\/p>\n<p>? Combien mesure la ligne verte du Voyage \u00e0 Nantes 2025<\/p>\n<p>?? 16\u00a0km. C\u2019est est un parcours artistique et culturel reliant les \u0153uvres estivales et les installations permanentes \u00e0 travers la ville de Nantes. \u00c0 faire \u00e0 pied.<\/p>\n<p>? LIRE AUSSI\u00a0: <a href=\"https:\/\/nantes.maville.com\/actu\/actudet_-en-images.-decouvrez-les-oeuvres-du-voyage-a-nantes-2025-_8-6789728_actu.Htm\" target=\"_blank\" rel=\"noopener\">EN IMAGES. D\u00e9couvrez les \u0153uvres du Voyage \u00e0 Nantes 2025<\/a>.<\/p>\n<p>\u00a0<\/p>\n","protected":false},"excerpt":{"rendered":"Des hamacs inspir\u00e9s de la canop\u00e9e, un jardin en forme d\u2019\u00e9toile ou une g\u00e9ante de pierre\u2026 Et si&hellip;\n","protected":false},"author":2,"featured_media":211109,"comment_status":"","ping_status":"","sticky":false,"template":"","format":"standard","meta":{"footnotes":""},"categories":[2818],"tags":[1111,11,24735,1777,674,1011,27,24736,18257,766,12,2636,7767,25,3272,586],"class_list":{"0":"post-211108","1":"post","2":"type-post","3":"status-publish","4":"format-standard","5":"has-post-thumbnail","7":"category-nantes","8":"tag-actu","9":"tag-actualites","10":"tag-etes-vous","11":"tag-eu","12":"tag-europe","13":"tag-fr","14":"tag-france","15":"tag-incollables","16":"tag-murs","17":"tag-nantes","18":"tag-news","19":"tag-pays-de-la-loire","20":"tag-quiz","21":"tag-republique-francaise","22":"tag-saint-nazaire","23":"tag-voyage"},"share_on_mastodon":{"url":"","error":""},"_links":{"self":[{"href":"https:\/\/www.europesays.com\/fr\/wp-json\/wp\/v2\/posts\/211108","targetHints":{"allow":["GET"]}}],"collection":[{"href":"https:\/\/www.europesays.com\/fr\/wp-json\/wp\/v2\/posts"}],"about":[{"href":"https:\/\/www.europesays.com\/fr\/wp-json\/wp\/v2\/types\/post"}],"author":[{"embeddable":true,"href":"https:\/\/www.europesays.com\/fr\/wp-json\/wp\/v2\/users\/2"}],"replies":[{"embeddable":true,"href":"https:\/\/www.europesays.com\/fr\/wp-json\/wp\/v2\/comments?post=211108"}],"version-history":[{"count":0,"href":"https:\/\/www.europesays.com\/fr\/wp-json\/wp\/v2\/posts\/211108\/revisions"}],"wp:featuredmedia":[{"embeddable":true,"href":"https:\/\/www.europesays.com\/fr\/wp-json\/wp\/v2\/media\/211109"}],"wp:attachment":[{"href":"https:\/\/www.europesays.com\/fr\/wp-json\/wp\/v2\/media?parent=211108"}],"wp:term":[{"taxonomy":"category","embeddable":true,"href":"https:\/\/www.europesays.com\/fr\/wp-json\/wp\/v2\/categories?post=211108"},{"taxonomy":"post_tag","embeddable":true,"href":"https:\/\/www.europesays.com\/fr\/wp-json\/wp\/v2\/tags?post=211108"}],"curies":[{"name":"wp","href":"https:\/\/api.w.org\/{rel}","templated":true}]}}