{"id":211122,"date":"2025-06-28T14:42:14","date_gmt":"2025-06-28T14:42:14","guid":{"rendered":"https:\/\/www.europesays.com\/fr\/211122\/"},"modified":"2025-06-28T14:42:14","modified_gmt":"2025-06-28T14:42:14","slug":"en-dix-minutes-les-soignants-des-hopitaux-de-marseille-veulent-vous-faire-arreter-de-fumer","status":"publish","type":"post","link":"https:\/\/www.europesays.com\/fr\/211122\/","title":{"rendered":"En dix minutes, les soignants des h\u00f4pitaux de Marseille veulent vous faire arr\u00eater de fumer"},"content":{"rendered":"<p>\u00ab\u00a0Vous fumez\u00a0? \u00cates-vous d\u2019accord pour que je mesure votre d\u00e9pendance \u00e0 la nicotine\u00a0?\u00a0\u00bb Voil\u00e0 comment David Boulate, professeur des universit\u00e9s, chirurgien thoracique \u00e0 l\u2019H\u00f4pital Nord de Marseille et responsable du d\u00e9ploiement des <a href=\"https:\/\/fr.ap-hm.fr\/actu\/vers-hopital-sans-tabac\" target=\"_blank\" rel=\"noopener\">lieux de sant\u00e9 sans tabac aupr\u00e8s de l\u2019AP-HM<\/a> d\u00e9clenche d\u00e9sormais avec chacun de ses patients fumeurs une prise de conscience et un plan d\u2019action pour <a href=\"https:\/\/www.laprovence.com\/article\/sante\/91454441693535\/espaces-sans-tabac-plages-parcs-la-cigarette-interdite-partout-ou-il-y-a-des-enfants-a-partir-du-1er-juillet\" target=\"_blank\" rel=\"noopener\">arr\u00eater la cigarette<\/a>.<\/p>\n<p>Les questions s\u2019encha\u00eenent au fil de ses consultations et ce qu\u2019importe la raison de la venue \u00e0 l\u2019h\u00f4pital de son patient, jambe cass\u00e9e, examen de routine ou autre. \u00ab\u00a0Quel est le d\u00e9lai entre le moment o\u00f9 vous vous levez le matin et celui o\u00f9 vous fumez votre premi\u00e8re cigarette\u00a0?\u00a0\u00bb, interroge-t-il.<\/p>\n<p>Accompagner l\u2019arr\u00eat du tabac<\/p>\n<p>Face \u00e0 lui, un quinquag\u00e9naire qui ne fume que le soir. \u00ab\u00a0Vous avez une d\u00e9pendance \u00e0 la nicotine qui est mod\u00e9r\u00e9e, mais qui existe quand m\u00eame. Quels seraient selon vous, les b\u00e9n\u00e9fices \u00e0 modifier votre consommation de tabac\u00a0?\u00a0\u00bb<\/p>\n<p>L\u2019objectif de cet \u00e9change\u00a0: lui faire prendre conscience de l\u2019impact du tabac sur la sant\u00e9 \u00e0 court, moyen et long terme et surtout montrer que l\u2019arr\u00eat de la cigarette est accessible si l\u2019on est bien accompagn\u00e9.<\/p>\n","protected":false},"excerpt":{"rendered":"\u00ab\u00a0Vous fumez\u00a0? \u00cates-vous d\u2019accord pour que je mesure votre d\u00e9pendance \u00e0 la nicotine\u00a0?\u00a0\u00bb Voil\u00e0 comment David Boulate, professeur&hellip;\n","protected":false},"author":2,"featured_media":211123,"comment_status":"","ping_status":"","sticky":false,"template":"","format":"standard","meta":{"footnotes":""},"categories":[2814],"tags":[17,1111,11,154,7365,1777,674,1011,27,2777,151,884,24162,12,882,25,71,3873],"class_list":{"0":"post-211122","1":"post","2":"type-post","3":"status-publish","4":"format-standard","5":"has-post-thumbnail","7":"category-marseille","8":"tag-17","9":"tag-actu","10":"tag-actualites","11":"tag-des","12":"tag-dix","13":"tag-eu","14":"tag-europe","15":"tag-fr","16":"tag-france","17":"tag-hopitaux","18":"tag-les","19":"tag-marseille","20":"tag-minutes","21":"tag-news","22":"tag-provence-alpes-cote-dazur","23":"tag-republique-francaise","24":"tag-sante","25":"tag-soignants"},"share_on_mastodon":{"url":"","error":""},"_links":{"self":[{"href":"https:\/\/www.europesays.com\/fr\/wp-json\/wp\/v2\/posts\/211122","targetHints":{"allow":["GET"]}}],"collection":[{"href":"https:\/\/www.europesays.com\/fr\/wp-json\/wp\/v2\/posts"}],"about":[{"href":"https:\/\/www.europesays.com\/fr\/wp-json\/wp\/v2\/types\/post"}],"author":[{"embeddable":true,"href":"https:\/\/www.europesays.com\/fr\/wp-json\/wp\/v2\/users\/2"}],"replies":[{"embeddable":true,"href":"https:\/\/www.europesays.com\/fr\/wp-json\/wp\/v2\/comments?post=211122"}],"version-history":[{"count":0,"href":"https:\/\/www.europesays.com\/fr\/wp-json\/wp\/v2\/posts\/211122\/revisions"}],"wp:featuredmedia":[{"embeddable":true,"href":"https:\/\/www.europesays.com\/fr\/wp-json\/wp\/v2\/media\/211123"}],"wp:attachment":[{"href":"https:\/\/www.europesays.com\/fr\/wp-json\/wp\/v2\/media?parent=211122"}],"wp:term":[{"taxonomy":"category","embeddable":true,"href":"https:\/\/www.europesays.com\/fr\/wp-json\/wp\/v2\/categories?post=211122"},{"taxonomy":"post_tag","embeddable":true,"href":"https:\/\/www.europesays.com\/fr\/wp-json\/wp\/v2\/tags?post=211122"}],"curies":[{"name":"wp","href":"https:\/\/api.w.org\/{rel}","templated":true}]}}