{"id":211128,"date":"2025-06-28T14:45:13","date_gmt":"2025-06-28T14:45:13","guid":{"rendered":"https:\/\/www.europesays.com\/fr\/211128\/"},"modified":"2025-06-28T14:45:13","modified_gmt":"2025-06-28T14:45:13","slug":"canicule-insupportable-des-ce-samedi-dans-le-rhone-des-orages-annonces-par-meteo-france-lundi","status":"publish","type":"post","link":"https:\/\/www.europesays.com\/fr\/211128\/","title":{"rendered":"Canicule insupportable d\u00e8s ce samedi dans le Rh\u00f4ne, des orages annonc\u00e9s par M\u00e9t\u00e9o-France lundi"},"content":{"rendered":"<p>            Par<br \/>\n        <strong><br \/>\n            <a href=\"https:\/\/actu.fr\/auteur\/redaction-lyon\" title=\"Consulter tous les articles de R\u00e9daction Lyon\" rel=\"nofollow noopener\" target=\"_blank\">R\u00e9daction Lyon<\/a><br \/>\n        <\/strong><\/p>\n<p>        Publi\u00e9 le<\/p>\n<p>            28 juin 2025 \u00e0 16h29        <\/p>\n<p>Nouvelle <a href=\"https:\/\/actu.fr\/auvergne-rhone-alpes\/lyon_69123\/canicule-a-lyon-un-dome-de-chaleur-arrive-voici-les-temperatures-assommantes-annoncees_62833690.html\" rel=\"nofollow noopener\" target=\"_blank\">canicule<\/a> \u00e0 Lyon et dans le Rh\u00f4ne ce samedi 28 juin 2025. Apr\u00e8s une premi\u00e8re vague de chaleur intense la semaine derni\u00e8re, une <a href=\"https:\/\/actu.fr\/meteo\/une-canicule-intense-53-departements-en-vigilance-orange-dimanche-plus-de-40-c-attendus-et-ca-va-durer_62839056.html\" rel=\"nofollow noopener\" target=\"_blank\">nouvelle canicule \u00ab\u00a0intense\u00a0\u00bb<\/a> frappe une grande partie de la France.<\/p>\n<p class=\" wall-content\">Ce samedi, <a href=\"https:\/\/actu.fr\/tag\/meteo-france\" rel=\"nofollow noopener\" target=\"_blank\">M\u00e9t\u00e9o-France<\/a> a r\u00e9enclench\u00e9 la <strong>vigilance orange canicule<\/strong> sur le d\u00e9partement du Rh\u00f4ne qui sera prolong\u00e9e dimanche. 73 d\u00e9partements seront concern\u00e9s \u00e0 l\u2019\u00e9chelle nationale.<\/p>\n<p class=\" wall-content\">\n<p>Un week-end puis une semaine caniculaire \u00e0 Lyon<\/p>\n<p class=\" wall-content\">Les temp\u00e9ratures vont progressivement monter ce week-end et la semaine prochaine. Ce samedi, les maximales attendues seront de 35\u00b0C \u00e0 Lyon (+9\u00b0C par rapport aux maximales de saison).\u00a0<\/p>\n<p class=\" wall-content\">Dimanche, le mercure affichera jusqu\u2019\u00e0 38\u00b0C puis 39\u00b0C lundi. Un niveau de temp\u00e9rature fr\u00f4lant les 40\u00b0C \u00e9galement attendu mardi puis mercredi. Jusqu\u2019au milieu de semaine,, les minimales seront intenses avec 22 \u00e0 25\u00b0C. Des temp\u00e9ratures anormales pour la saison.\u00a0<\/p>\n<blockquote class=\"ac-article-quote wall-content\">\n<p>Les temp\u00e9ratures continuent leur progression ce-week-end, avec le thermom\u00e8tre qui atteint ce samedi apr\u00e8s-midi 34\u00b0C et 37\u00b0C en plaine, 35\u00b0C \u00e0 Lyon et 37\u00b0C \u00e0 Grenoble, et 37-38\u00b0C dimanche apr\u00e8s-midi. A noter que la nuit de samedi \u00e0 dimanche reste tr\u00e8s chaude, avec des temp\u00e9ratures minimales, atteintes seulement en toute fin de nuit, et qui ne descendent pas sous 20-22\u00b0C en plaine.<\/p>\n<p>Les temp\u00e9ratures sont estim\u00e9es sous abri ventil\u00e9 et sur terrain herbeux, et sont susceptibles d&rsquo;\u00eatre plus \u00e9lev\u00e9es en milieu urbain.<\/p>\n<p>    <strong>M\u00e9t\u00e9o-France<\/strong>\n            <\/p><\/blockquote>\n<p>Vid\u00e9os : en ce moment sur ActuDe possibles orages lundi apr\u00e8s-midi sur le Rh\u00f4ne<\/p>\n<p class=\" wall-content\">La journ\u00e9e de lundi 30 juin pourrait \u00eatre agit\u00e9e ce lundi sur le Rh\u00f4ne avec de possibles orages violents dans l\u2019apr\u00e8s-midi, cr\u00e9ant un cocktail d\u00e9tonant en raison des chaleurs intenses.\u00a0<\/p>\n<p class=\" wall-content\">\n    <img   decoding=\"async\" loading=\"lazy\" src=\"https:\/\/www.europesays.com\/fr\/wp-content\/uploads\/2025\/06\/capture-decran-2025-06-28-a-162456-960x640.png\" alt=\"Des orages sont annonc\u00e9s ce lundi sur le Rh\u00f4ne.\" width=\"960\" height=\"640\"\/><br \/>\n    Des orages sont annonc\u00e9s ce lundi sur le Rh\u00f4ne. (\u00a9M\u00e9t\u00e9o-France)<br \/>\n    <img   decoding=\"async\" loading=\"lazy\" src=\"https:\/\/www.europesays.com\/fr\/wp-content\/uploads\/2025\/06\/capture-decran-2025-06-28-a-162504-960x640.png\" alt=\"Des orages sont annonc\u00e9s ce lundi sur le Rh\u00f4ne.\" width=\"960\" height=\"640\"\/><br \/>\n    Des orages sont annonc\u00e9s ce lundi soir sur le Rh\u00f4ne. (\u00a9M\u00e9t\u00e9o-France)<\/p>\n<p class=\" wall-content\">Un ph\u00e9nom\u00e8ne qui peut encore se poursuivre dans la soir\u00e9e mais qui s\u2019annonce passager uniquement ce lundi.\u00a0<\/p>\n<p class=\" wall-content\">Suivez toute l\u2019actualit\u00e9 de vos villes et m\u00e9dias favoris en vous inscrivant \u00e0 <a href=\"https:\/\/moncompte.actu.fr\" title=\"D\u00e9couvez Mon Actu\" rel=\"nofollow noopener\" data-trk=\"{&quot;cta&quot;:{&quot;action&quot;:&quot;https:\\\/\\\/moncompte.actu.fr&quot;,&quot;category&quot;:&quot;mon compte&quot;,&quot;from&quot;:&quot;article footer&quot;,&quot;name&quot;:&quot;Mon actu&quot;,&quot;type&quot;:&quot;cta&quot;}}\" target=\"_blank\">Mon Actu<\/a>.<\/p>\n","protected":false},"excerpt":{"rendered":"Par R\u00e9daction Lyon Publi\u00e9 le 28 juin 2025 \u00e0 16h29 Nouvelle canicule \u00e0 Lyon et dans le Rh\u00f4ne&hellip;\n","protected":false},"author":2,"featured_media":211129,"comment_status":"","ping_status":"","sticky":false,"template":"","format":"standard","meta":{"footnotes":""},"categories":[1889],"tags":[1111,11,2430,6698,1777,674,1011,27,2428,2487,2357,12,25,15637],"class_list":{"0":"post-211128","1":"post","2":"type-post","3":"status-publish","4":"format-standard","5":"has-post-thumbnail","7":"category-lyon","8":"tag-actu","9":"tag-actualites","10":"tag-auvergne-rhone-alpes","11":"tag-canicule","12":"tag-eu","13":"tag-europe","14":"tag-fr","15":"tag-france","16":"tag-lyon","17":"tag-meteo","18":"tag-meteo-france","19":"tag-news","20":"tag-republique-francaise","21":"tag-vague-de-chaleur"},"share_on_mastodon":{"url":"","error":""},"_links":{"self":[{"href":"https:\/\/www.europesays.com\/fr\/wp-json\/wp\/v2\/posts\/211128","targetHints":{"allow":["GET"]}}],"collection":[{"href":"https:\/\/www.europesays.com\/fr\/wp-json\/wp\/v2\/posts"}],"about":[{"href":"https:\/\/www.europesays.com\/fr\/wp-json\/wp\/v2\/types\/post"}],"author":[{"embeddable":true,"href":"https:\/\/www.europesays.com\/fr\/wp-json\/wp\/v2\/users\/2"}],"replies":[{"embeddable":true,"href":"https:\/\/www.europesays.com\/fr\/wp-json\/wp\/v2\/comments?post=211128"}],"version-history":[{"count":0,"href":"https:\/\/www.europesays.com\/fr\/wp-json\/wp\/v2\/posts\/211128\/revisions"}],"wp:featuredmedia":[{"embeddable":true,"href":"https:\/\/www.europesays.com\/fr\/wp-json\/wp\/v2\/media\/211129"}],"wp:attachment":[{"href":"https:\/\/www.europesays.com\/fr\/wp-json\/wp\/v2\/media?parent=211128"}],"wp:term":[{"taxonomy":"category","embeddable":true,"href":"https:\/\/www.europesays.com\/fr\/wp-json\/wp\/v2\/categories?post=211128"},{"taxonomy":"post_tag","embeddable":true,"href":"https:\/\/www.europesays.com\/fr\/wp-json\/wp\/v2\/tags?post=211128"}],"curies":[{"name":"wp","href":"https:\/\/api.w.org\/{rel}","templated":true}]}}