{"id":211138,"date":"2025-06-28T14:51:14","date_gmt":"2025-06-28T14:51:14","guid":{"rendered":"https:\/\/www.europesays.com\/fr\/211138\/"},"modified":"2025-06-28T14:51:14","modified_gmt":"2025-06-28T14:51:14","slug":"a-paris-une-marche-des-fiertes-remontee-contre-linternationale-reactionnaire","status":"publish","type":"post","link":"https:\/\/www.europesays.com\/fr\/211138\/","title":{"rendered":"A Paris, une marche des fiert\u00e9s remont\u00e9e \u00ab\u00a0contre l&rsquo;internationale r\u00e9actionnaire\u00a0\u00bb"},"content":{"rendered":"<p>Si les chars bariol\u00e9s, les maquillages inventifs et les tenues color\u00e9es rappellent le caract\u00e8re convivial de ce d\u00e9fil\u00e9 annuel, parti du Louvre vers Nation par une temp\u00e9rature caniculaire, les organisateurs avaient moins le c\u0153ur \u00e0 la f\u00eate lors de leur prise de parole initiale.<\/p>\n<p>\u00ab\u00a0Nous sommes dans un contexte mena\u00e7ant, politiquement terrible. Pour la premi\u00e8re fois depuis des ann\u00e9es nos droits sont r\u00e9ellement en danger\u00a0\u00bb, a affirm\u00e9 au micro la pr\u00e9sidente de SOS Homophobie, Julia Torlet, micro \u00e0 la main.<\/p>\n<p>\u00ab\u00a0Il est n\u00e9cessaire de nous rassembler, tous, lesbiennes, queers, intersexe, trans, gay&#8230;\u00a0\u00bb, a-t-elle ajout\u00e9. <\/p>\n<p>\u00ab\u00a0Le danger est l\u00e0. Une internationale r\u00e9actionnaire arrive sous nos yeux, aux Etats-Unis, en Hongrie, en Italie, en Russie\u00a0\u00bb, a lanc\u00e9 le repr\u00e9sentant de l&rsquo;association Aides, mot d&rsquo;ordre \u00ab\u00a0contre l&rsquo;internationale r\u00e9actionnaire, queers de tous les pays, unissons-nous\u00a0\u00bb \u00e9galement repris sur la banderole en t\u00eate de ce cort\u00e8ge de milliers de participants, color\u00e9 de drapeaux arc-en-ciel, de ballons dor\u00e9s et de pancartes revendicatives explicites: \u00ab\u00a0Mon clito d\u00e9teste les fachos\u00a0\u00bb. <\/p>\n<p><img alt=\"Des participants \u00e0 la Marche des fiert\u00e9s de Paris, le 28 juin 2025\" loading=\"lazy\" decoding=\"async\" data-nimg=\"fill\" class=\" TwicCore_img__i9TC1 undefined  undefined\" style=\"position:absolute;height:100%;width:100%;left:0;top:0;right:0;bottom:0;color:transparent;background-size:cover;background-position:50% 50%;background-repeat:no-repeat;background-image:url(&quot;data:image\/svg+xml;charset=utf-8,%3Csvg xmlns='http:\/\/www.w3.org\/2000\/svg' %3E%3Cfilter id='b' color-interpolation-filters='sRGB'%3E%3CfeGaussianBlur stdDeviation='20'\/%3E%3CfeColorMatrix values='1 0 0 0 0 0 1 0 0 0 0 0 1 0 0 0 0 0 100 -1' result='s'\/%3E%3CfeFlood x='0' y='0' width='100%25' height='100%25'\/%3E%3CfeComposite operator='out' in='s'\/%3E%3CfeComposite in2='SourceGraphic'\/%3E%3CfeGaussianBlur stdDeviation='20'\/%3E%3C\/filter%3E%3Cimage width='100%25' height='100%25' x='0' y='0' preserveAspectRatio='none' style='filter: url(%23b);' href='https:\/\/pictures.laprovence.com\/cdn-cgi\/image\/blur=250\/media\/afp\/1a01cfa1e897ef4b9266d6e651478994b035733f.jpg'\/%3E%3C\/svg%3E&quot;)\"   src=\"https:\/\/www.europesays.com\/fr\/wp-content\/uploads\/2025\/06\/1a01cfa1e897ef4b9266d6e651478994b035733f.jpg\"\/>Des participants \u00e0 la Marche des fiert\u00e9s de Paris, le 28 juin 2025 PHOTO AFP \/ Julie SEBADELHA<\/p>\n<p>Au-del\u00e0 des th\u00e9matiques de cette ann\u00e9e (migrants, personnes transgenres, sant\u00e9), la marche parisienne a \u00e9t\u00e9 rattrap\u00e9e par des tensions li\u00e9es au contexte international &#8211; d\u00e9clarations de Donald Trump aux Etats-Unis, interdiction de la \u00ab\u00a0Pride\u00a0\u00bb \u00e0 Budapest. Tensions li\u00e9es aussi \u00e0 une affiche jug\u00e9e trop clivante par certains ou la venue non souhait\u00e9e par les organisateurs d&rsquo;un collectif identitaire, Eros, se pr\u00e9sentant comme un organe de lutte \u00ab\u00a0contre les d\u00e9rives id\u00e9ologiques woke et LGBT\u00a0\u00bb.<\/p>\n<p>\u00ab\u00a0Le contexte est difficile, car il y a une remont\u00e9e de la transphobie au niveau international. On tente d\u2019interdire, la marche \u00e0 Budapest, un collectif d&rsquo;extr\u00eame droite tente de manifester avec nous \u00e0 Paris\u00a0\u00bb, d\u00e9plore ainsi aupr\u00e8s de l&rsquo;AFP \u00ab\u00a0Vivi\u00a0\u00bb Strobel, porte-parole de l&rsquo;association Bi&rsquo;Cause.<\/p>\n<p>Une quinzaine de membres de ce collectif Eros se sont rassembl\u00e9s \u00e0 l&rsquo;\u00e9cart du cort\u00e8ge, a constat\u00e9 une journaliste de l&rsquo;AFPTV. Plusieurs dizaines de forces de l&rsquo;ordre \u00e9taient positionn\u00e9es pour emp\u00eacher tout contact avec la marche.<\/p>\n<p>\u00ab\u00a0Notre pr\u00e9sence n&rsquo;est pas la bienvenue, mais c&rsquo;est une marche de la fiert\u00e9. Nous, on est fiers d&rsquo;\u00eatre homosexuels et fiers d&rsquo;\u00eatre Fran\u00e7ais\u00a0\u00bb, a indiqu\u00e9 \u00e0 la presse le responsable de ce groupe, Yohan Pawer, ex-candidat du parti d&rsquo;Eric Zemmour. <\/p>\n<p>En Hongrie, la marche des fiert\u00e9s de Budapest a \u00e9t\u00e9 interdite par la police, mais elle se tient tout de m\u00eame, \u00e9galement samedi.<\/p>\n<p>Aux Etats-Unis, c&rsquo;est l&rsquo;offensive de Donald Trump contre les programmes de promotion de la diversit\u00e9 qui inqui\u00e8te notamment Romaric, 40 ans, crois aux c\u00f4t\u00e9s de son compagnon Florent, 38 ans: \u00ab\u00a0C&rsquo;est un acte militant de venir quand on voit ce qui se passe dans le monde, aux USA. Perdre les droits pour lesquels on s&rsquo;est battu pendant des ann\u00e9es, \u00e7a fait peur\u00a0\u00bb, dit-il. <\/p>\n<p><img alt=\"Marche des fiert\u00e9s \u00e0 Paris le 28 juin 2025\" loading=\"lazy\" decoding=\"async\" data-nimg=\"fill\" class=\" TwicCore_img__i9TC1 undefined  undefined\" style=\"position:absolute;height:100%;width:100%;left:0;top:0;right:0;bottom:0;color:transparent;background-size:cover;background-position:50% 50%;background-repeat:no-repeat;background-image:url(&quot;data:image\/svg+xml;charset=utf-8,%3Csvg xmlns='http:\/\/www.w3.org\/2000\/svg' %3E%3Cfilter id='b' color-interpolation-filters='sRGB'%3E%3CfeGaussianBlur stdDeviation='20'\/%3E%3CfeColorMatrix values='1 0 0 0 0 0 1 0 0 0 0 0 1 0 0 0 0 0 100 -1' result='s'\/%3E%3CfeFlood x='0' y='0' width='100%25' height='100%25'\/%3E%3CfeComposite operator='out' in='s'\/%3E%3CfeComposite in2='SourceGraphic'\/%3E%3CfeGaussianBlur stdDeviation='20'\/%3E%3C\/filter%3E%3Cimage width='100%25' height='100%25' x='0' y='0' preserveAspectRatio='none' style='filter: url(%23b);' href='https:\/\/pictures.laprovence.com\/cdn-cgi\/image\/blur=250\/media\/afp\/f656702a53a0df09d5b50df912ef5d06891cddf7.jpg'\/%3E%3C\/svg%3E&quot;)\"   src=\"https:\/\/www.europesays.com\/fr\/wp-content\/uploads\/2025\/06\/f656702a53a0df09d5b50df912ef5d06891cddf7.jpg\"\/>Marche des fiert\u00e9s \u00e0 Paris le 28 juin 2025 PHOTO AFP \/ Julie SEBADELHA<\/p>\n<p>Piyie, 18 ans, venue manifester avec un groupe d&rsquo;amies juge pour sa part \u00ab\u00a0important de montrer qu&rsquo;il peut y avoir une manifestation politique pour des causes importantes dans une ambiance de f\u00eate\u00a0\u00bb. <\/p>\n<p>La marche parisienne organis\u00e9e par l&rsquo;Inter-LGBT, qui comprend une cinquantaine d&rsquo;associations membres, devait se terminer en musique avec une sc\u00e8ne o\u00f9 se produiront des artistes pendant plusieurs heures.<\/p>\n<p>Les marches des fiert\u00e9s sont organis\u00e9es localement par des associations partout en France, souvent en juin, en lien avec les \u00e9meutes de Stonewall, mobilisation fondatrice du mouvement LGBT+, qui ont \u00e9clat\u00e9 dans la nuit du 27 au 28 juin 1969, \u00e0 New York.<\/p>\n","protected":false},"excerpt":{"rendered":"Si les chars bariol\u00e9s, les maquillages inventifs et les tenues color\u00e9es rappellent le caract\u00e8re convivial de ce d\u00e9fil\u00e9&hellip;\n","protected":false},"author":2,"featured_media":211139,"comment_status":"","ping_status":"","sticky":false,"template":"","format":"standard","meta":{"footnotes":""},"categories":[1888],"tags":[17,11,1444,154,1777,674,11136,1011,27,329,2089,12,626,13079,25,96],"class_list":{"0":"post-211138","1":"post","2":"type-post","3":"status-publish","4":"format-standard","5":"has-post-thumbnail","7":"category-paris","8":"tag-17","9":"tag-actualites","10":"tag-contre","11":"tag-des","12":"tag-eu","13":"tag-europe","14":"tag-fiertes","15":"tag-fr","16":"tag-france","17":"tag-france-monde","18":"tag-marche","19":"tag-news","20":"tag-paris","21":"tag-remontee","22":"tag-republique-francaise","23":"tag-une"},"share_on_mastodon":{"url":"","error":""},"_links":{"self":[{"href":"https:\/\/www.europesays.com\/fr\/wp-json\/wp\/v2\/posts\/211138","targetHints":{"allow":["GET"]}}],"collection":[{"href":"https:\/\/www.europesays.com\/fr\/wp-json\/wp\/v2\/posts"}],"about":[{"href":"https:\/\/www.europesays.com\/fr\/wp-json\/wp\/v2\/types\/post"}],"author":[{"embeddable":true,"href":"https:\/\/www.europesays.com\/fr\/wp-json\/wp\/v2\/users\/2"}],"replies":[{"embeddable":true,"href":"https:\/\/www.europesays.com\/fr\/wp-json\/wp\/v2\/comments?post=211138"}],"version-history":[{"count":0,"href":"https:\/\/www.europesays.com\/fr\/wp-json\/wp\/v2\/posts\/211138\/revisions"}],"wp:featuredmedia":[{"embeddable":true,"href":"https:\/\/www.europesays.com\/fr\/wp-json\/wp\/v2\/media\/211139"}],"wp:attachment":[{"href":"https:\/\/www.europesays.com\/fr\/wp-json\/wp\/v2\/media?parent=211138"}],"wp:term":[{"taxonomy":"category","embeddable":true,"href":"https:\/\/www.europesays.com\/fr\/wp-json\/wp\/v2\/categories?post=211138"},{"taxonomy":"post_tag","embeddable":true,"href":"https:\/\/www.europesays.com\/fr\/wp-json\/wp\/v2\/tags?post=211138"}],"curies":[{"name":"wp","href":"https:\/\/api.w.org\/{rel}","templated":true}]}}