{"id":211144,"date":"2025-06-28T14:54:09","date_gmt":"2025-06-28T14:54:09","guid":{"rendered":"https:\/\/www.europesays.com\/fr\/211144\/"},"modified":"2025-06-28T14:54:09","modified_gmt":"2025-06-28T14:54:09","slug":"la-republique-democratique-du-congo-et-le-rwanda-signent-un-accord-de-paix-sous-legide-des-etats-unis","status":"publish","type":"post","link":"https:\/\/www.europesays.com\/fr\/211144\/","title":{"rendered":"La R\u00e9publique d\u00e9mocratique du Congo et le Rwanda signent un accord de paix sous l\u2019\u00e9gide des \u00c9tats-Unis"},"content":{"rendered":"<p>Un accord de paix a \u00e9t\u00e9 sign\u00e9 \u00e0 Washington entre la R\u00e9publique d\u00e9mocratique du Congo (RDC) et le Rwanda vendredi 27\u00a0juin 2025, visant \u00e0 mettre fin au conflit qui s\u00e9vit dans l\u2019est de la RDC. Il a \u00e9t\u00e9 formellement sign\u00e9 sous les auspices des \u00c9tats-Unis lors d\u2019une c\u00e9r\u00e9monie \u00e0 Washington, en pr\u00e9sence du secr\u00e9taire d\u2019\u00c9tat am\u00e9ricain Marco Rubio et de ses homologues de la RDC et du Rwanda, Th\u00e9r\u00e8se Kayikwamba Wagner et Olivier Nduhungirehe.<\/p>\n<p>L\u2019accord de paix s\u2019inspire d\u2019une d\u00e9claration de principes approuv\u00e9e en avril entre les deux pays, et pr\u00e9voit des dispositions sur \u00ab\u00a0le respect de l\u2019int\u00e9grit\u00e9 territoriale et l\u2019arr\u00eat des hostilit\u00e9s\u00a0\u00bb.\u00a0Donald Trump a salu\u00e9 \u00ab\u00a0un nouveau chapitre d\u2019espoir\u00a0\u00bb. Cet accord doit \u00e9galement d\u00e9boucher, selon lui, sur l\u2019obtention par les \u00c9tats-Unis de droits miniers en RDC.<\/p>\n<p>Pr\u00e9sent vendredi lors de la signature de l\u2019accord, le pr\u00e9sident de la Commission de l\u2019Union africaine Mahamoud Ali Youssouf s\u2019est f\u00e9licit\u00e9 dans un communiqu\u00e9 \u00ab\u00a0de cette \u00e9tape importante et a salu\u00e9 tous les efforts visant \u00e0 faire progresser la paix, la stabilit\u00e9 et la r\u00e9conciliation dans la r\u00e9gion\u00a0\u00bb.\u00a0Il a \u00e9galement soulign\u00e9 \u00ab\u00a0le r\u00f4le constructif et de soutien jou\u00e9 par les \u00c9tats-Unis et le Qatar pour faciliter le dialogue\u00a0\u00bb.<\/p>\n<p>\u00ab\u00a0L\u2019accord de paix entre la RDC et le Rwanda, avec le soutien des \u00c9tats-Unis, est un pas en avant historique apr\u00e8s des d\u00e9cennies de souffrance\u00a0\u00bb, a salu\u00e9 sur X le pr\u00e9sident fran\u00e7ais Emmanuel Macron.<\/p>\n<p>Crise humanitaire<\/p>\n<p>L\u2019est de la RDC, riche en ressources naturelles et frontali\u00e8res du Rwanda, est en proie \u00e0 des violences depuis plus de trente ans. De nouveaux affrontements ont eu lieu en d\u00e9but d\u2019ann\u00e9e\u00a0: le groupe arm\u00e9 M23, soutenu militairement par le Rwanda selon l\u2019Onu et les \u00c9tats-Unis, s\u2019est empar\u00e9, en RDC, des grandes villes de Goma en janvier et Bukavu en f\u00e9vrier au terme d\u2019une offensive \u00e9clair faisant des milliers de morts. Ces affrontements ont aggrav\u00e9 la crise humanitaire qui s\u00e9vit dans cette r\u00e9gion strat\u00e9gique. Des centaines de milliers de personnes ont \u00e9t\u00e9 d\u00e9plac\u00e9es depuis 2021 et la reprise des op\u00e9rations du M23 dans la r\u00e9gion.<\/p>\n","protected":false},"excerpt":{"rendered":"Un accord de paix a \u00e9t\u00e9 sign\u00e9 \u00e0 Washington entre la R\u00e9publique d\u00e9mocratique du Congo (RDC) et le&hellip;\n","protected":false},"author":2,"featured_media":211145,"comment_status":"","ping_status":"","sticky":false,"template":"","format":"standard","meta":{"footnotes":""},"categories":[1589],"tags":[328,11,73,1866,329,74,12,316,1864,1865,1863,308],"class_list":{"0":"post-211144","1":"post","2":"type-post","3":"status-publish","4":"format-standard","5":"has-post-thumbnail","7":"category-etats-unis","8":"tag-a-la-une","9":"tag-actualites","10":"tag-etats-unis","11":"tag-etats-unis-damerique","12":"tag-france-monde","13":"tag-monde","14":"tag-news","15":"tag-politique","16":"tag-united-states","17":"tag-united-states-of-america","18":"tag-us","19":"tag-usa"},"share_on_mastodon":{"url":"","error":""},"_links":{"self":[{"href":"https:\/\/www.europesays.com\/fr\/wp-json\/wp\/v2\/posts\/211144","targetHints":{"allow":["GET"]}}],"collection":[{"href":"https:\/\/www.europesays.com\/fr\/wp-json\/wp\/v2\/posts"}],"about":[{"href":"https:\/\/www.europesays.com\/fr\/wp-json\/wp\/v2\/types\/post"}],"author":[{"embeddable":true,"href":"https:\/\/www.europesays.com\/fr\/wp-json\/wp\/v2\/users\/2"}],"replies":[{"embeddable":true,"href":"https:\/\/www.europesays.com\/fr\/wp-json\/wp\/v2\/comments?post=211144"}],"version-history":[{"count":0,"href":"https:\/\/www.europesays.com\/fr\/wp-json\/wp\/v2\/posts\/211144\/revisions"}],"wp:featuredmedia":[{"embeddable":true,"href":"https:\/\/www.europesays.com\/fr\/wp-json\/wp\/v2\/media\/211145"}],"wp:attachment":[{"href":"https:\/\/www.europesays.com\/fr\/wp-json\/wp\/v2\/media?parent=211144"}],"wp:term":[{"taxonomy":"category","embeddable":true,"href":"https:\/\/www.europesays.com\/fr\/wp-json\/wp\/v2\/categories?post=211144"},{"taxonomy":"post_tag","embeddable":true,"href":"https:\/\/www.europesays.com\/fr\/wp-json\/wp\/v2\/tags?post=211144"}],"curies":[{"name":"wp","href":"https:\/\/api.w.org\/{rel}","templated":true}]}}