{"id":211148,"date":"2025-06-28T14:56:11","date_gmt":"2025-06-28T14:56:11","guid":{"rendered":"https:\/\/www.europesays.com\/fr\/211148\/"},"modified":"2025-06-28T14:56:11","modified_gmt":"2025-06-28T14:56:11","slug":"euro-espoirs-2025-sur-quelle-chaine-et-a-quelle-heure-voir-la-finale-angleterre","status":"publish","type":"post","link":"https:\/\/www.europesays.com\/fr\/211148\/","title":{"rendered":"Euro espoirs 2025 : sur quelle cha\u00eene et \u00e0 quelle heure voir la finale Angleterre"},"content":{"rendered":"<p>On y est : la finale de l\u2019<a href=\"https:\/\/www.diverto.tv\/actualites\/tele\/euro-espoirs-sur-quelle-chaine-et-a-quelle-heure-regarder-la-demi-finale-france-allemagne\" rel=\"nofollow noopener\" target=\"_blank\">Euro Espoirs 2025 <\/a>se joue ce samedi 28 juin \u00e0 21h, \u00e0 Bratislava, en Slovaquie. Sur la pelouse du stade Teheln\u00e9 pole, l\u2019Angleterre va tenter de conserver son titre face \u00e0 une Allemagne impressionnante depuis le d\u00e9but du tournoi. Les deux \u00e9quipes se connaissent bien : elles se sont d\u00e9j\u00e0 crois\u00e9es en phase de groupes, et ce sont les Allemands qui l\u2019avaient emport\u00e9 2-1. Depuis, chacune a trac\u00e9 son chemin. L\u2019Allemagne a survol\u00e9 sa demi-finale face aux Bleuets (3-0), pendant que l\u2019Angleterre, plus en difficult\u00e9, a d\u00fb s\u2019accrocher pour venir \u00e0 bout des Pays-Bas (2-1), gr\u00e2ce \u00e0 un doubl\u00e9 d\u2019Harvey Elliott dans les derni\u00e8res minutes. Cette finale sent la revanche \u00e0 plein nez.<\/p>\n<p>Bonne nouvelle : la rencontre sera diffus\u00e9e en clair sur\u00a0<a href=\"https:\/\/www.diverto.tv\/programme-tv\/chaine\/w9\" rel=\"nofollow noopener\" target=\"_blank\">W9<\/a>, et \u00e9galement sur\u00a0beIN Sports 1\u00a0pour les abonn\u00e9s, \u00e0 partir de\u00a021h. Un vrai choc \u00e0 ne pas manquer pour les passionn\u00e9s de ballon rond comme pour les curieux. C\u00f4t\u00e9 anglais, l\u2019effectif est truff\u00e9 de jeunes pousses qui brillent d\u00e9j\u00e0 en Premier League. C\u00f4t\u00e9 allemand, un nom retient l\u2019attention :\u00a0Nick Woltemade, auteur de six buts depuis le d\u00e9but du tournoi, et d\u00e9j\u00e0 appel\u00e9 en \u00e9quipe A. \u00c0 seulement 22 ans, il s\u2019impose comme le buteur de cette \u00e9dition. L\u2019Allemagne n\u2019a perdu aucun match en vingt rencontres et semble avancer avec une assurance collective impressionnante. Mais en finale, tout peut arriver. Et les Anglais n\u2019ont certainement pas dit leur dernier mot.<\/p>\n<p>\u00a0<\/p>\n<p>Une affiche pleine d\u2019enjeu\u2026 et de souvenirs r\u00e9cents<\/p>\n<p>Avant de r\u00eaver du troph\u00e9e, les Allemands ont d\u00fb passer par un choc face aux Bleuets. Mercredi 25 juin, en demi-finale, l\u2019\u00c9quipe de France Espoirs a \u00e9t\u00e9 lourdement battue 3-0. Men\u00e9s 2-0 apr\u00e8s seulement 14 minutes, les joueurs de G\u00e9rald Baticle n\u2019ont jamais r\u00e9ussi \u00e0 inverser la tendance, malgr\u00e9 de nombreuses occasions et une grosse intensit\u00e9. L\u2019attaquant allemand Nick Woltemade a brill\u00e9 une fois de plus, inscrivant son sixi\u00e8me but du tournoi, pendant que le gardien Noah Atubolu se montrait imp\u00e9rial face aux tentatives fran\u00e7aises, notamment celles de Thierno Barry. Un troisi\u00e8me but sign\u00e9 Brajan Gruda en toute fin de match a scell\u00e9 le sort des Tricolores. Ce succ\u00e8s net confirme la solidit\u00e9 et l\u2019efficacit\u00e9 de la Mannschaft, qui arrive en finale avec le plein de confiance.<a href=\"https:\/\/www.diverto.tv\/actualites\/cinema\/god-save-the-tuche-le-film-a-t-il-vraiment-ete-tourne-en-angleterre\" rel=\"nofollow noopener\" target=\"_blank\"> L\u2019Angleterre<\/a> est pr\u00e9venue : l\u2019Allemagne frappe t\u00f4t, fort, et sait punir la moindre erreur. Alors, suspense ou r\u00e9cital ? R\u00e9ponse ce samedi soir, \u00e0 21h, devant votre \u00e9cran.<\/p>\n","protected":false},"excerpt":{"rendered":"On y est : la finale de l\u2019Euro Espoirs 2025 se joue ce samedi 28 juin \u00e0 21h,&hellip;\n","protected":false},"author":2,"featured_media":211149,"comment_status":"","ping_status":"","sticky":false,"template":"","format":"standard","meta":{"footnotes":""},"categories":[1587],"tags":[11,672,1804,1805,1803,1777,674,1801,12,1802],"class_list":{"0":"post-211148","1":"post","2":"type-post","3":"status-publish","4":"format-standard","5":"has-post-thumbnail","7":"category-allemagne","8":"tag-actualites","9":"tag-allemagne","10":"tag-bundesrepublik-deutschland","11":"tag-de","12":"tag-deutschland","13":"tag-eu","14":"tag-europe","15":"tag-germany","16":"tag-news","17":"tag-republique-federale-dallemagne"},"share_on_mastodon":{"url":"","error":""},"_links":{"self":[{"href":"https:\/\/www.europesays.com\/fr\/wp-json\/wp\/v2\/posts\/211148","targetHints":{"allow":["GET"]}}],"collection":[{"href":"https:\/\/www.europesays.com\/fr\/wp-json\/wp\/v2\/posts"}],"about":[{"href":"https:\/\/www.europesays.com\/fr\/wp-json\/wp\/v2\/types\/post"}],"author":[{"embeddable":true,"href":"https:\/\/www.europesays.com\/fr\/wp-json\/wp\/v2\/users\/2"}],"replies":[{"embeddable":true,"href":"https:\/\/www.europesays.com\/fr\/wp-json\/wp\/v2\/comments?post=211148"}],"version-history":[{"count":0,"href":"https:\/\/www.europesays.com\/fr\/wp-json\/wp\/v2\/posts\/211148\/revisions"}],"wp:featuredmedia":[{"embeddable":true,"href":"https:\/\/www.europesays.com\/fr\/wp-json\/wp\/v2\/media\/211149"}],"wp:attachment":[{"href":"https:\/\/www.europesays.com\/fr\/wp-json\/wp\/v2\/media?parent=211148"}],"wp:term":[{"taxonomy":"category","embeddable":true,"href":"https:\/\/www.europesays.com\/fr\/wp-json\/wp\/v2\/categories?post=211148"},{"taxonomy":"post_tag","embeddable":true,"href":"https:\/\/www.europesays.com\/fr\/wp-json\/wp\/v2\/tags?post=211148"}],"curies":[{"name":"wp","href":"https:\/\/api.w.org\/{rel}","templated":true}]}}