{"id":211157,"date":"2025-06-28T15:01:15","date_gmt":"2025-06-28T15:01:15","guid":{"rendered":"https:\/\/www.europesays.com\/fr\/211157\/"},"modified":"2025-06-28T15:01:15","modified_gmt":"2025-06-28T15:01:15","slug":"quest-ce-que-la-secheresse-chronique-qui-menace-la-france-jean-marc-jancovici-repond","status":"publish","type":"post","link":"https:\/\/www.europesays.com\/fr\/211157\/","title":{"rendered":"Qu&rsquo;est-ce que la s\u00e9cheresse chronique, qui menace la France ? Jean-Marc Jancovici r\u00e9pond"},"content":{"rendered":"<p class=\"article-p mdl\">Les <strong>p\u00e9riodes de s\u00e9cheresse se font de plus en plus nombreuses en France<\/strong>. Et ce malgr\u00e9 les derniers jours, durant lesquels la m\u00e9t\u00e9o a \u00e9t\u00e9 tr\u00e8s changeante, passant du soleil \u00e0 d&rsquo;importants orages, de grosses chaleurs \u00e0 des trombes d&rsquo;eau. Le Commissariat au Plan vient de sortir un document qui rappelle que le risque, pour l&rsquo;avenir, est bien celui de <strong>la s\u00e9cheresse chronique<\/strong>, soit un d\u00e9ficit d&rsquo;eau chronique.<\/p>\n<p class=\"article-p mdl\">Dans le cadre du r\u00e9chauffement en cours, il y a un certain nombre de ph\u00e9nom\u00e8nes qui se produisent. Il y a, d&rsquo;abord, une <strong>\u00e9vaporation plus importante<\/strong> quand il fait chaud. Les sols s&rsquo;ass\u00e8chent donc plus vite, m\u00eame s&rsquo;il pleut la m\u00eame quantit\u00e9 d&rsquo;eau.\u00a0<\/p>\n<p class=\"article-p mdl\">Deuxi\u00e8mement, <strong>quand il pleut moins souvent, mais de grandes quantit\u00e9s d&rsquo;eau<\/strong> \u00e0 chaque fois, <strong>l&rsquo;eau ruisselle<\/strong>. Elle ne reste donc pas dans\u00a0<a class=\"link\" href=\"https:\/\/www.rtl.fr\/actu\/meteo\/les-trois-visages-de-la-secheresse-meteorologique-des-sols-et-hydrologique-7900494242\" target=\"_blank\" rel=\"noopener\">les sols, qui vont s&rsquo;ass\u00e9cher<\/a>, m\u00eame \u00e0 quantit\u00e9 d&rsquo;eau pr\u00e9cipit\u00e9e constante sur l&rsquo;ann\u00e9e. C&rsquo;est exactement ce qu&rsquo;il se passe dans les C\u00e9vennes en ce d\u00e9but d&rsquo;\u00e9t\u00e9. In fine, les sols restent moins humides.<\/p>\n<p class=\"article-p mdl\">On peut \u00e9galement conna\u00eetre de <strong>longues p\u00e9riodes sans pr\u00e9cipitations<\/strong>, comme on vient de le vivre en ce printemps 2025 dans tout le nord de l&rsquo;Europe et dans le nord de la France. Les sols sont d\u00e9j\u00e0 extr\u00eamement secs pour la saison. Donc, globalement, malheureusement, <strong>l&rsquo;\u00e9volution en cours est bien celle d&rsquo;un ass\u00e8chement progressif<\/strong> du pays.<\/p>\n<p>            Agriculture, la premi\u00e8re victime<\/p>\n<p class=\"article-p mdl\">Cela va \u00e9videmment <strong>poser beaucoup de probl\u00e8mes<\/strong>. Il faut bien avoir en m\u00e9moire que les civilisations se sont toujours adapt\u00e9es au climat : si on s&rsquo;est install\u00e9 en France et pas au milieu du Sahara, c&rsquo;est parce qu&rsquo;il pleuvait.<\/p>\n<p class=\"article-p mdl\">Il faut \u00e9galement rappeler que <strong>l&rsquo;agriculture<\/strong>, qui est la base de la subsistance, <strong>demande un minimum d&rsquo;eau<\/strong>. Alors s&rsquo;il pleut moins, on peut cultiver des esp\u00e8ces moins gourmandes en eau, mais c&rsquo;est souvent des esp\u00e8ces moins productives. Ce n&rsquo;est pas un secret : une plante qu&rsquo;on arrose peu est une plante qui pousse moins vite.<\/p>\n<p class=\"article-p mdl\">Il y a des <strong>esp\u00e8ces naturelles qui se sont adapt\u00e9es au climat<\/strong>, comme les arbres. Un certain nombre d&rsquo;arbres meurent s&rsquo;il pleut moins. C&rsquo;est d&rsquo;ailleurs pour cela que les h\u00eatres, qui ont besoin d&rsquo;une grande quantit\u00e9 d&rsquo;eau, se trouvent sur la face nord des montagnes.<\/p>\n<p>            Les activit\u00e9s humaines impact\u00e9es<\/p>\n<p class=\"article-p mdl\">Des questions vont \u00e9galement se poser pour les activit\u00e9s humaines. <strong>Cela peut influencer la navigation. <\/strong>Il y a quelques ann\u00e9es, le niveau du Rhin \u00e9tait tellement bas que les usines allemandes ne pouvaient plus \u00eatre approvisionn\u00e9es, ni \u00e9vacuer leur production.\u00a0<\/p>\n<p>Cela peut \u00e9galement \u00eatre un <strong>probl\u00e8me pour l&rsquo;alimentation en eau des industries<\/strong>, notamment pour celles qui sont gourmandes en eau.\u00a0<\/p>\n<p>La s\u00e9cheresse peut aussi avoir un <strong>impact sur l&rsquo;alimentation humaine<\/strong>. Certaines agglom\u00e9rations, qui grossissent tellement l&rsquo;\u00e9t\u00e9, peuvent avoir des probl\u00e8mes d&rsquo;alimentation en eau potable.\u00a0<\/p>\n<p>En r\u00e9sum\u00e9, il y a tout un tas de probl\u00e8mes sur lesquels il faut se pencher. Et la seule chose qu&rsquo;on peut dire, c&rsquo;est qu&rsquo;aujourd&rsquo;hui, vraisemblablement, <strong>on n&rsquo;y consacre pas assez de temps<\/strong>. On risque donc d&rsquo;\u00eatre fortement\u00a0surpris de fa\u00e7on d\u00e9sagr\u00e9able.\u00a0<\/p>\n<p>    L&rsquo;\u00e9quipe de l&rsquo;\u00e9mission vous recommande<\/p>\n<p class=\"s-newsletter__title\">\n                L\u2019actualit\u00e9 par la r\u00e9daction de RTL dans votre bo\u00eete mail.\n            <\/p>\n<p class=\"s-newsletter__subtitle\">\n                Gr\u00e2ce \u00e0 votre compte RTL abonnez-vous \u00e0 la newsletter RTL info pour suivre toute l&rsquo;actualit\u00e9 au quotidien\n            <\/p>\n<p>\n                                    Lire la suite\n                                <\/p>\n","protected":false},"excerpt":{"rendered":"Les p\u00e9riodes de s\u00e9cheresse se font de plus en plus nombreuses en France. Et ce malgr\u00e9 les derniers&hellip;\n","protected":false},"author":2,"featured_media":211158,"comment_status":"","ping_status":"","sticky":false,"template":"","format":"standard","meta":{"footnotes":""},"categories":[4],"tags":[11,4734,436,107,1011,27,2487,12,362,361,360,25,12817],"class_list":{"0":"post-211157","1":"post","2":"type-post","3":"status-publish","4":"format-standard","5":"has-post-thumbnail","7":"category-france","8":"tag-actualites","9":"tag-changement-climatique","10":"tag-environnement","11":"tag-fil-info","12":"tag-fr","13":"tag-france","14":"tag-meteo","15":"tag-news","16":"tag-replay","17":"tag-replay-a-la-une","18":"tag-replay-integral","19":"tag-republique-francaise","20":"tag-secheresse"},"share_on_mastodon":{"url":"","error":""},"_links":{"self":[{"href":"https:\/\/www.europesays.com\/fr\/wp-json\/wp\/v2\/posts\/211157","targetHints":{"allow":["GET"]}}],"collection":[{"href":"https:\/\/www.europesays.com\/fr\/wp-json\/wp\/v2\/posts"}],"about":[{"href":"https:\/\/www.europesays.com\/fr\/wp-json\/wp\/v2\/types\/post"}],"author":[{"embeddable":true,"href":"https:\/\/www.europesays.com\/fr\/wp-json\/wp\/v2\/users\/2"}],"replies":[{"embeddable":true,"href":"https:\/\/www.europesays.com\/fr\/wp-json\/wp\/v2\/comments?post=211157"}],"version-history":[{"count":0,"href":"https:\/\/www.europesays.com\/fr\/wp-json\/wp\/v2\/posts\/211157\/revisions"}],"wp:featuredmedia":[{"embeddable":true,"href":"https:\/\/www.europesays.com\/fr\/wp-json\/wp\/v2\/media\/211158"}],"wp:attachment":[{"href":"https:\/\/www.europesays.com\/fr\/wp-json\/wp\/v2\/media?parent=211157"}],"wp:term":[{"taxonomy":"category","embeddable":true,"href":"https:\/\/www.europesays.com\/fr\/wp-json\/wp\/v2\/categories?post=211157"},{"taxonomy":"post_tag","embeddable":true,"href":"https:\/\/www.europesays.com\/fr\/wp-json\/wp\/v2\/tags?post=211157"}],"curies":[{"name":"wp","href":"https:\/\/api.w.org\/{rel}","templated":true}]}}