{"id":211159,"date":"2025-06-28T15:02:20","date_gmt":"2025-06-28T15:02:20","guid":{"rendered":"https:\/\/www.europesays.com\/fr\/211159\/"},"modified":"2025-06-28T15:02:20","modified_gmt":"2025-06-28T15:02:20","slug":"augustin-hole-aux-basques-des-leaders-avant-le-dernier-tour","status":"publish","type":"post","link":"https:\/\/www.europesays.com\/fr\/211159\/","title":{"rendered":"Augustin Hol\u00e9 aux basques des leaders avant le dernier tour"},"content":{"rendered":"<p>\t\t\t\t\t\t<img width=\"770\" height=\"556\" src=\"https:\/\/www.europesays.com\/fr\/wp-content\/uploads\/2025\/06\/croara_alps_open-r1-hole-187-1-770x556.jpeg\" class=\"img-responsive wp-post-image\" alt=\"\" decoding=\"async\" fetchpriority=\"high\"  \/>\t\t\t\t\t<\/p>\n<p>\t\t\t\t\t\t Partager cet article <\/p>\n<p class=\"screen-reader-text juiz_sps_maybe_hidden_text\">Partager la publication \u00ab\u00a0Augustin Hol\u00e9 aux basques des leaders avant le dernier tour\u00a0\u00bb<\/p>\n<p><strong>Malgr\u00e9 une fin de partie compliqu\u00e9e, Augustin Hol\u00e9 peut esp\u00e9rer une nouvelle victoire sur l\u2019Alps Tour. Il compte trois coups de retard sur Jerry Ji et Giovanni Manzoni.<\/strong><\/p>\n<p>\u00a0<\/p>\n<p><strong>N.C., \u00e0 Aravell, Lleida<\/strong><\/p>\n<p>Le dernier tour de l\u2019<strong>Aravell Golf Andorra Open<\/strong> s\u2019annonce palpitant. Deux hommes se partagent la t\u00eate, le N\u00e9erlandais<strong> Jerry Ji<\/strong>, et l\u2019Italien <strong>Giovanni Manzoni<\/strong>, auteur d\u2019un excellent 65 (-6). L\u2019Espagnol <strong>Alejandro Aguilera<\/strong> a fait encore mieux avec son 64 (-7). Un score qui lui a permis de remonter \u00e0 la troisi\u00e8me place en compagnie de <strong>Javier Sainz<\/strong>. Ils ne sont qu\u2019\u00e0 un coup du duo de t\u00eate.<\/p>\n<p><a href=\"https:\/\/alpstourgolf.com\/reports?url=http%3A%2F%2Falps.ocs-ffg.com%2Ftic%2Ftmlsmon.cgi%3Ftourn%3DARAV~season%3D2025~&amp;id=2025&amp;code=ARAV&amp;title=Round%202%20Scores%20Only\" target=\"_blank\" rel=\"noopener nofollow\">Retrouvez le classement complet<\/a><\/p>\n<p>\t\t\t\t\t<a id=\"174669\" href=\"https:\/\/site.arkea-banque-ei.com\/\" target=\"_blank\" rel=\"sponsorised nofollow noopener\"><img decoding=\"async\" src=\"data:image\/svg+xml,%3Csvg%20xmlns=\" http:=\"\" class=\"img-responsive\" alt=\"\" data-lazy-src=\"https:\/\/www.europesays.com\/fr\/wp-content\/uploads\/2025\/06\/arkea-e02-objectif-strategie-v2-1170x275-1.png\"\/><\/a><\/p>\n<p>Si les quatre hommes ont pris un petit avantage, ils n\u2019ont pas fait la diff\u00e9rence. Six joueurs sont regroup\u00e9s \u00e0 la cinqui\u00e8me place, \u00e0 trois coups de la t\u00eate. Dans ce groupe, on retrouve <strong>Augustin Hol\u00e9<\/strong>, meilleur Tricolore apr\u00e8s 36 trous.<\/p>\n<p>\u00a0<\/p>\n<p>\u00a0<\/p>\n<blockquote class=\"instagram-media\" style=\"background: #FFF; border: 0; border-radius: 3px; box-shadow: 0 0 1px 0 rgba(0,0,0,0.5),0 1px 10px 0 rgba(0,0,0,0.15); margin: 1px; max-width: 540px; min-width: 326px; padding: 0; width: calc(100% - 2px);\" data-instgrm-captioned=\"\" data-instgrm-permalink=\"https:\/\/www.instagram.com\/p\/DLafml4tqzA\/?utm_source=ig_embed&amp;utm_campaign=loading\" data-instgrm-version=\"14\">\n<\/blockquote>\n<p>\u00a0<\/p>\n<p>En qu\u00eate d\u2019un troisi\u00e8me titre<\/p>\n<p>Le membre de la <strong>C&amp;S Golf Team<\/strong> a sign\u00e9 un 70 (-1) dans ce deuxi\u00e8me tour. Il \u00e9tait m\u00eame \u00e0 -4 apr\u00e8s 14 trous, mais a eu un peu plus de mal sur la suite avec un mauvais encha\u00eenement (double-bogey-bogey). Le vainqueur de la finale 2023 et de l\u2019<strong>Open de Mont-de-Marsan 2024<\/strong> peut confirmer sa bonne forme du moment (8e \u00e0 Lacanau et 4e \u00e0 la Mirabelle d\u2019Or).<\/p>\n<p>Lui aussi en forme, <strong>Xavier Poncelet<\/strong> occupe la onzi\u00e8me position, en compagnie d\u2019<strong>Anthony Renard<\/strong>, un coup derri\u00e8re Hol\u00e9. <strong>Paul Margolis<\/strong>,<strong> Paul Elissalde<\/strong>,<strong> Victor Veyret<\/strong>,<strong> Ignacio Arcaya <\/strong>et l\u2019amateur<strong> Martin Engel<\/strong> (-4, 16es) suivent dans le top 20.<\/p>\n<p>\u00a0<\/p>\n<p>Le leaderboard<\/p>\n<p><img loading=\"lazy\" decoding=\"async\" class=\"alignnone size-image-largeur-770 wp-image-177798\" src=\"data:image\/svg+xml,%3Csvg%20xmlns=\" http:=\"\" alt=\"\" width=\"770\" height=\"340\" data-lazy- data-lazy- data-lazy-src=\"https:\/\/www.europesays.com\/fr\/wp-content\/uploads\/2025\/06\/capture-decran-2025-06-27-a-21.26.29-770x340.png\"\/><\/p>\n<p>\u00a0<\/p>\n<p>\u00a9Federico Capretti<\/p>\n<p>\t\t\t\t\t<a id=\"177261\" href=\"https:\/\/www.parcours-voyages.fr\/evenements\/176\/ile-maurice-heritage-le-telfair-5\" target=\"_blank\" rel=\"sponsorised nofollow noopener\"><img decoding=\"async\" src=\"data:image\/svg+xml,%3Csvg%20xmlns=\" http:=\"\" class=\"img-responsive\" alt=\"\" data-lazy-src=\"https:\/\/www.europesays.com\/fr\/wp-content\/uploads\/2025\/06\/parcoursvoyages-e02-heritage-telfair-1170x275-1.jpg\"\/><\/a><\/p>\n<p>\t\t\t<script async src=\"\/\/www.instagram.com\/embed.js\"><\/script><\/p>\n","protected":false},"excerpt":{"rendered":"Partager cet article Partager la publication \u00ab\u00a0Augustin Hol\u00e9 aux basques des leaders avant le dernier tour\u00a0\u00bb Malgr\u00e9 une&hellip;\n","protected":false},"author":2,"featured_media":211160,"comment_status":"","ping_status":"","sticky":false,"template":"","format":"standard","meta":{"footnotes":""},"categories":[1418],"tags":[1011,27,1472,60],"class_list":{"0":"post-211159","1":"post","2":"type-post","3":"status-publish","4":"format-standard","5":"has-post-thumbnail","7":"category-golf","8":"tag-fr","9":"tag-france","10":"tag-golf","11":"tag-sports"},"share_on_mastodon":{"url":"","error":""},"_links":{"self":[{"href":"https:\/\/www.europesays.com\/fr\/wp-json\/wp\/v2\/posts\/211159","targetHints":{"allow":["GET"]}}],"collection":[{"href":"https:\/\/www.europesays.com\/fr\/wp-json\/wp\/v2\/posts"}],"about":[{"href":"https:\/\/www.europesays.com\/fr\/wp-json\/wp\/v2\/types\/post"}],"author":[{"embeddable":true,"href":"https:\/\/www.europesays.com\/fr\/wp-json\/wp\/v2\/users\/2"}],"replies":[{"embeddable":true,"href":"https:\/\/www.europesays.com\/fr\/wp-json\/wp\/v2\/comments?post=211159"}],"version-history":[{"count":0,"href":"https:\/\/www.europesays.com\/fr\/wp-json\/wp\/v2\/posts\/211159\/revisions"}],"wp:featuredmedia":[{"embeddable":true,"href":"https:\/\/www.europesays.com\/fr\/wp-json\/wp\/v2\/media\/211160"}],"wp:attachment":[{"href":"https:\/\/www.europesays.com\/fr\/wp-json\/wp\/v2\/media?parent=211159"}],"wp:term":[{"taxonomy":"category","embeddable":true,"href":"https:\/\/www.europesays.com\/fr\/wp-json\/wp\/v2\/categories?post=211159"},{"taxonomy":"post_tag","embeddable":true,"href":"https:\/\/www.europesays.com\/fr\/wp-json\/wp\/v2\/tags?post=211159"}],"curies":[{"name":"wp","href":"https:\/\/api.w.org\/{rel}","templated":true}]}}